{"id":1345,"date":"2018-10-30T12:08:56","date_gmt":"2018-10-30T11:08:56","guid":{"rendered":"https:\/\/muehlingen.de\/wordpress_01\/?p=1345"},"modified":"2024-10-09T13:13:51","modified_gmt":"2024-10-09T11:13:51","slug":"gewerbebauplaetze","status":"publish","type":"post","link":"https:\/\/muehlingen.de\/?p=1345","title":{"rendered":"Gewerbebaupl\u00e4tze"},"content":{"rendered":"<div class=\"fusion-fullwidth fullwidth-box fusion-builder-row-1 nonhundred-percent-fullwidth non-hundred-percent-height-scrolling\" style=\"--awb-border-radius-top-left:0px;--awb-border-radius-top-right:0px;--awb-border-radius-bottom-right:0px;--awb-border-radius-bottom-left:0px;--awb-flex-wrap:wrap;\" ><div class=\"fusion-builder-row fusion-row\"><div class=\"fusion-layout-column fusion_builder_column fusion-builder-column-0 fusion_builder_column_1_1 1_1 fusion-one-full fusion-column-first fusion-column-last\" style=\"--awb-bg-blend:overlay;--awb-bg-size:cover;--awb-margin-bottom:0px;\"><div class=\"fusion-column-wrapper fusion-flex-column-wrapper-legacy\"><div class=\"fusion-alert alert custom alert-custom fusion-alert-left awb-alert-native-link-color alert-dismissable awb-alert-close-boxed\" style=\"--awb-background-color:#ffffff;--awb-accent-color:#808080;--awb-border-size:1px;--awb-border-top-left-radius:0px;--awb-border-top-right-radius:0px;--awb-border-bottom-left-radius:0px;--awb-border-bottom-right-radius:0px;\" role=\"alert\"><div class=\"fusion-alert-content-wrapper\"><span class=\"fusion-alert-content\"><p>In verschiedenen Gemeindeteilen sind noch einige wenige Objekte f\u00fcr Umnutzungen oder Baul\u00fccken vorhanden. Ein Baugebiet mit Gewerbepl\u00e4tzen ist aktuell jedoch nicht mehr vorhanden. <strong>Kontakt<\/strong><br \/>\nB\u00fcrgermeister Thorsten Scigliano, Tel. 07775\/9303-12, email: <a href=\"mailto:buergermeister@muehlingen.de\" target=\"_blank\" rel=\"noopener\">buergermeister@muehlingen.de<\/a><br \/>\nLeitung Hauptamt Birgit von Glan, Tel. 07775\/9303-15, email: <a href=\"mailto:hauptamt@muehlingen.de\" target=\"_blank\" rel=\"noopener\">hauptamt@muehlingen.de<\/a><br \/>\nTerminvereinbarung unter Tel. 07775\/9303-0<\/p><\/span><\/div><button style=\"color:#808080;border-color:#808080;\" type=\"button\" class=\"close toggle-alert\" data-dismiss=\"alert\" aria-label=\"Close\">&times;<\/button><\/div><div class=\"fusion-text fusion-text-1\"><\/div><div class=\"fusion-clearfix\"><\/div><\/div><\/div><\/div><\/div>\n","protected":false},"excerpt":{"rendered":"","protected":false},"author":1,"featured_media":0,"comment_status":"closed","ping_status":"closed","sticky":false,"template":"","format":"standard","meta":{"footnotes":""},"categories":[31],"tags":[],"class_list":["post-1345","post","type-post","status-publish","format-standard","hentry","category-baugebiete"],"publishpress_future_action":{"enabled":false,"date":"2026-05-08 11:46:38","action":"change-status","newStatus":"draft","terms":[],"taxonomy":"category","extraData":[]},"publishpress_future_workflow_manual_trigger":{"enabledWorkflows":[]},"_links":{"self":[{"href":"https:\/\/muehlingen.de\/index.php?rest_route=\/wp\/v2\/posts\/1345","targetHints":{"allow":["GET"]}}],"collection":[{"href":"https:\/\/muehlingen.de\/index.php?rest_route=\/wp\/v2\/posts"}],"about":[{"href":"https:\/\/muehlingen.de\/index.php?rest_route=\/wp\/v2\/types\/post"}],"author":[{"embeddable":true,"href":"https:\/\/muehlingen.de\/index.php?rest_route=\/wp\/v2\/users\/1"}],"replies":[{"embeddable":true,"href":"https:\/\/muehlingen.de\/index.php?rest_route=%2Fwp%2Fv2%2Fcomments&post=1345"}],"version-history":[{"count":8,"href":"https:\/\/muehlingen.de\/index.php?rest_route=\/wp\/v2\/posts\/1345\/revisions"}],"predecessor-version":[{"id":7690,"href":"https:\/\/muehlingen.de\/index.php?rest_route=\/wp\/v2\/posts\/1345\/revisions\/7690"}],"wp:attachment":[{"href":"https:\/\/muehlingen.de\/index.php?rest_route=%2Fwp%2Fv2%2Fmedia&parent=1345"}],"wp:term":[{"taxonomy":"category","embeddable":true,"href":"https:\/\/muehlingen.de\/index.php?rest_route=%2Fwp%2Fv2%2Fcategories&post=1345"},{"taxonomy":"post_tag","embeddable":true,"href":"https:\/\/muehlingen.de\/index.php?rest_route=%2Fwp%2Fv2%2Ftags&post=1345"}],"curies":[{"name":"wp","href":"https:\/\/api.w.org\/{rel}","templated":true}]}}