{"id":2870,"date":"2019-07-26T11:30:37","date_gmt":"2019-07-26T09:30:37","guid":{"rendered":"https:\/\/muehlingen.de\/?p=2870"},"modified":"2025-10-09T12:37:14","modified_gmt":"2025-10-09T10:37:14","slug":"einwohnerentwicklung","status":"publish","type":"post","link":"https:\/\/muehlingen.de\/?p=2870","title":{"rendered":"Einwohnerentwicklung"},"content":{"rendered":"<div class=\"fusion-fullwidth fullwidth-box fusion-builder-row-1 nonhundred-percent-fullwidth non-hundred-percent-height-scrolling fusion-equal-height-columns\" style=\"--awb-border-radius-top-left:0px;--awb-border-radius-top-right:0px;--awb-border-radius-bottom-right:0px;--awb-border-radius-bottom-left:0px;--awb-padding-right:7%;--awb-padding-left:7%;--awb-flex-wrap:wrap;\" ><div class=\"fusion-builder-row fusion-row\"><div class=\"fusion-layout-column fusion_builder_column fusion-builder-column-0 fusion_builder_column_1_2 1_2 fusion-one-half fusion-column-first\" style=\"--awb-padding-top:5%;--awb-bg-size:cover;--awb-margin-bottom:0px;width:50%;width:calc(50% - ( ( 4% ) * 0.5 ) );margin-right: 4%;\"><div class=\"fusion-column-wrapper fusion-column-has-shadow fusion-flex-column-wrapper-legacy\"><div class=\"fusion-text fusion-text-1\"><h3><span style=\"color: #ffffff;\">Die Gemeinde M\u00fchlingen ist eine aufstrebende Gemeinde (Landkreis Konstanz) mit \u00fcber <strong>2700 Einwohnern<\/strong>.<\/span><\/h3>\n<h4><span style=\"color: #ffffff;\">Durch die gute Infrastruktur und Lage ist die Gemeinde M\u00fchlingen als Wohnort sehr beliebt. Dem Wachstum tr\u00e4gt die Gemeinde mit einer weitsichtigen und ressourcenschonender Erschlie\u00dfung von Baugebieten Rechnung und erm\u00f6glicht so den Wunsch nach Eigentum.<\/span><\/h4>\n<hr \/>\n<p><span style=\"color: #ffffff;\"><strong>Das bietet die Gemeinde M\u00fchlingen und noch vieles mehr.<\/strong><\/span><\/p>\n<ul>\n<li>\n<h4><span style=\"color: #ffffff;\">Kinderg\u00e4rten, Krippe und Grundschule <a style=\"color: #ffffff;\" href=\"https:\/\/muehlingen.de\/?page_id=1084\" target=\"_blank\" rel=\"noopener noreferrer\">[klick]<\/a><\/span><\/h4>\n<\/li>\n<li>\n<h4><span style=\"color: #ffffff;\">weiterf\u00fchrende Schule in privater Tr\u00e4gerschaft<\/span><\/h4>\n<\/li>\n<li>\n<h4><span style=\"color: #ffffff;\">Arzt <a style=\"color: #ffffff;\" href=\"https:\/\/muehlingen.de\/?page_id=1071\" target=\"_blank\" rel=\"noopener noreferrer\">[klick]<\/a><\/span><\/h4>\n<\/li>\n<li>\n<h4><span style=\"color: #ffffff;\">\u00f6ffentliche Einrichtungen wie Mehrzweckhallen und Sportanlagen <a style=\"color: #ffffff;\" href=\"https:\/\/muehlingen.de\/?page_id=1162\" target=\"_blank\" rel=\"noopener noreferrer\">[klick]<\/a><\/span><\/h4>\n<\/li>\n<li>\n<h4><span style=\"color: #ffffff;\">Lebensmittelgesch\u00e4ft mit Post und Tankstelle <a style=\"color: #ffffff;\" href=\"https:\/\/muehlingen.de\/?avada_portfolio=lebensmittel-renner\" target=\"_blank\" rel=\"noopener noreferrer\">[klick]<\/a><\/span><\/h4>\n<\/li>\n<li>\n<h4><span style=\"color: #ffffff;\">Eine Vielzahl an Direktvermarkter<\/span><\/h4>\n<\/li>\n<li>\n<h4><span style=\"color: #ffffff;\">Gasthof und Schnellrestaurant<\/span><\/h4>\n<\/li>\n<li>\n<h4><span style=\"color: #ffffff;\">verkehrsg\u00fcnstige Lage zwischen B14 und B313<\/span><\/h4>\n<\/li>\n<li>\n<h4><span style=\"color: #ffffff;\">Gute Anbindung an den \u00d6PNV<\/span><\/h4>\n<\/li>\n<li>\n<h4><span style=\"color: #ffffff;\">vollst\u00e4ndige Versorgung der Ortsteile mit Breitbandkabel<\/span><\/h4>\n<\/li>\n<li>\n<h4><span style=\"color: #ffffff;\">Eine aktive und starke Vereinsgemeinschaft<\/span><\/h4>\n<\/li>\n<li>\n<h4><span style=\"color: #ffffff;\">direkt angrenzend an die Kreise Tuttlingen und Sigmaringen<\/span><\/h4>\n<\/li>\n<li>\n<h4><span style=\"color: #ffffff;\">ca. 15 Minuten mit dem PKW bis zum Bodensee<\/span><\/h4>\n<\/li>\n<li>\n<h4><span style=\"color: #ffffff;\">ca. 10 Minuten bis zur Stadt Stockach<\/span><\/h4>\n<\/li>\n<\/ul>\n<h4><\/h4>\n<\/div><div class=\"fusion-clearfix\"><\/div><\/div><\/div><div class=\"fusion-layout-column fusion_builder_column fusion-builder-column-1 fusion_builder_column_1_2 1_2 fusion-one-half fusion-column-last\" style=\"--awb-bg-size:cover;--awb-margin-bottom:0px;width:50%;width:calc(50% - ( ( 4% ) * 0.5 ) );\"><div class=\"fusion-column-wrapper fusion-flex-column-wrapper-legacy\"><div class=\"fusion-image-element in-legacy-container\" style=\"--awb-liftup-border-radius:0px;--awb-caption-title-font-family:var(--h2_typography-font-family);--awb-caption-title-font-weight:var(--h2_typography-font-weight);--awb-caption-title-font-style:var(--h2_typography-font-style);--awb-caption-title-size:var(--h2_typography-font-size);--awb-caption-title-transform:var(--h2_typography-text-transform);--awb-caption-title-line-height:var(--h2_typography-line-height);--awb-caption-title-letter-spacing:var(--h2_typography-letter-spacing);\"><div class=\"awb-image-frame awb-image-frame-1 imageframe-liftup\"><span class=\" fusion-imageframe imageframe-none imageframe-1\"><img decoding=\"async\" width=\"800\" height=\"449\" alt=\"Einwohnerentwicklung Stand 31.12.2023\" title=\"Statistik Einwohner 2023\" src=\"https:\/\/muehlingen.de\/wordpress_01\/wp-content\/uploads\/Statistik-Einwohner-2023-3-800x449.jpg\" class=\"img-responsive wp-image-7206\" srcset=\"https:\/\/muehlingen.de\/wordpress_01\/wp-content\/uploads\/Statistik-Einwohner-2023-3-200x112.jpg 200w, https:\/\/muehlingen.de\/wordpress_01\/wp-content\/uploads\/Statistik-Einwohner-2023-3-400x225.jpg 400w, https:\/\/muehlingen.de\/wordpress_01\/wp-content\/uploads\/Statistik-Einwohner-2023-3-600x337.jpg 600w, https:\/\/muehlingen.de\/wordpress_01\/wp-content\/uploads\/Statistik-Einwohner-2023-3-800x449.jpg 800w, https:\/\/muehlingen.de\/wordpress_01\/wp-content\/uploads\/Statistik-Einwohner-2023-3-1200x674.jpg 1200w\" sizes=\"(max-width: 800px) 100vw, 800px\" \/><\/span><\/div><\/div><div class=\"fusion-clearfix\"><\/div><\/div><\/div><\/div><\/div>\n","protected":false},"excerpt":{"rendered":"","protected":false},"author":1,"featured_media":0,"comment_status":"closed","ping_status":"closed","sticky":false,"template":"","format":"standard","meta":{"footnotes":""},"categories":[341],"tags":[],"class_list":["post-2870","post","type-post","status-publish","format-standard","hentry","category-interessantes"],"publishpress_future_action":{"enabled":false,"date":"2026-05-07 23:31:54","action":"change-status","newStatus":"draft","terms":[],"taxonomy":"category","extraData":[]},"publishpress_future_workflow_manual_trigger":{"enabledWorkflows":[]},"_links":{"self":[{"href":"https:\/\/muehlingen.de\/index.php?rest_route=\/wp\/v2\/posts\/2870","targetHints":{"allow":["GET"]}}],"collection":[{"href":"https:\/\/muehlingen.de\/index.php?rest_route=\/wp\/v2\/posts"}],"about":[{"href":"https:\/\/muehlingen.de\/index.php?rest_route=\/wp\/v2\/types\/post"}],"author":[{"embeddable":true,"href":"https:\/\/muehlingen.de\/index.php?rest_route=\/wp\/v2\/users\/1"}],"replies":[{"embeddable":true,"href":"https:\/\/muehlingen.de\/index.php?rest_route=%2Fwp%2Fv2%2Fcomments&post=2870"}],"version-history":[{"count":19,"href":"https:\/\/muehlingen.de\/index.php?rest_route=\/wp\/v2\/posts\/2870\/revisions"}],"predecessor-version":[{"id":7620,"href":"https:\/\/muehlingen.de\/index.php?rest_route=\/wp\/v2\/posts\/2870\/revisions\/7620"}],"wp:attachment":[{"href":"https:\/\/muehlingen.de\/index.php?rest_route=%2Fwp%2Fv2%2Fmedia&parent=2870"}],"wp:term":[{"taxonomy":"category","embeddable":true,"href":"https:\/\/muehlingen.de\/index.php?rest_route=%2Fwp%2Fv2%2Fcategories&post=2870"},{"taxonomy":"post_tag","embeddable":true,"href":"https:\/\/muehlingen.de\/index.php?rest_route=%2Fwp%2Fv2%2Ftags&post=2870"}],"curies":[{"name":"wp","href":"https:\/\/api.w.org\/{rel}","templated":true}]}}