{"id":6562,"date":"2025-07-24T14:26:44","date_gmt":"2025-07-24T12:26:44","guid":{"rendered":"https:\/\/muehlingen.de\/?p=6562"},"modified":"2025-07-24T15:45:40","modified_gmt":"2025-07-24T13:45:40","slug":"veraeusserung-von-gemeindebauplaetzen","status":"publish","type":"post","link":"https:\/\/muehlingen.de\/?p=6562","title":{"rendered":"Ver\u00e4u\u00dferung von Gemeindebaupl\u00e4tzen"},"content":{"rendered":"<div class=\"fusion-fullwidth fullwidth-box fusion-builder-row-1 fusion-flex-container nonhundred-percent-fullwidth non-hundred-percent-height-scrolling\" style=\"--awb-border-radius-top-left:0px;--awb-border-radius-top-right:0px;--awb-border-radius-bottom-right:0px;--awb-border-radius-bottom-left:0px;--awb-flex-wrap:wrap;\" ><div class=\"fusion-builder-row fusion-row fusion-flex-align-items-flex-start fusion-flex-content-wrap\" style=\"max-width:1664px;margin-left: calc(-4% \/ 2 );margin-right: calc(-4% \/ 2 );\"><div class=\"fusion-layout-column fusion_builder_column fusion-builder-column-0 fusion_builder_column_1_1 1_1 fusion-flex-column\" style=\"--awb-bg-size:cover;--awb-width-large:100%;--awb-margin-top-large:0px;--awb-spacing-right-large:1.92%;--awb-margin-bottom-large:0px;--awb-spacing-left-large:1.92%;--awb-width-medium:100%;--awb-spacing-right-medium:1.92%;--awb-spacing-left-medium:1.92%;--awb-width-small:100%;--awb-spacing-right-small:1.92%;--awb-spacing-left-small:1.92%;\"><div class=\"fusion-column-wrapper fusion-flex-justify-content-flex-start fusion-content-layout-column\"><div class=\"fusion-text fusion-text-1\"><h3><span style=\"color: #ffffff;\"><strong>V<\/strong><strong>er\u00e4u\u00dferung von Gemeindebaupl\u00e4tzen<\/strong><\/span><\/h3>\n<h4 data-start=\"149\" data-end=\"201\"><span style=\"color: #ffffff;\"><strong data-start=\"153\" data-end=\"201\">Ein Platz zum Ankommen. Ein Ort zum Bleiben.<\/strong><\/span><\/h4>\n<p data-start=\"203\" data-end=\"523\"><span style=\"color: #ffffff;\">Stellen Sie sich vor: Morgens den ersten Kaffee auf der eigenen Terrasse, umgeben von Vogelgezwitscher und einem weiten Blick ins Gr\u00fcne. Die Kinder laufen lachend zum naheliegenden Kindergarten oder Grundschule, w\u00e4hrend Sie sich auf den Weg zur Arbeit machen \u2013 entspannt, weil alles in Reichweite ist. Ein Leben, das einfach passt.<\/span><\/p>\n<p data-start=\"525\" data-end=\"564\"><span style=\"color: #ffffff;\"><strong>Genau dieses Leben kann jetzt beginnen.<\/strong><\/span><\/p>\n<p data-start=\"566\" data-end=\"768\"><span style=\"color: #ffffff;\">Der Gemeinderat hat am 22. Juli 2025 neue Bauplatzpreise beschlossen, und ab sofort k\u00f6nnen Sie sich Ihren pers\u00f6nlichen Lieblingsplatz sichern \u2013 in einer Gemeinde, die lebt, liebt und w\u00e4chst.<\/span><\/p>\n<hr data-start=\"770\" data-end=\"773\" \/>\n<h4 data-start=\"775\" data-end=\"814\"><span style=\"color: #ffffff;\"><strong data-start=\"779\" data-end=\"814\">F\u00fcr Familien, die Heimat suchen<\/strong><\/span><\/h4>\n<p data-start=\"815\" data-end=\"962\"><span style=\"color: #ffffff;\">Hier entstehen Erinnerungen: Der erste Schultag, die Geburtstagsfeier im Garten, das abendliche Vorlesen im Kinderzimmer mit Blick auf die H\u00fcgel.<\/span><\/p>\n<ul data-start=\"963\" data-end=\"1337\">\n<li data-start=\"963\" data-end=\"1051\">\n<p data-start=\"965\" data-end=\"1051\"><span style=\"color: #ffffff;\">Krippe, Kindergarten und Grundschule sind nur einen kurzen Spaziergang entfernt.<\/span><\/p>\n<\/li>\n<li data-start=\"1052\" data-end=\"1161\">\n<p data-start=\"1054\" data-end=\"1161\"><span style=\"color: #ffffff;\">Kein Warten auf Betreuungspl\u00e4tze \u2013 verl\u00e4ssliche Kinderbetreuung ist bei uns mehr als ein Versprechen.<\/span><\/p>\n<\/li>\n<li data-start=\"1162\" data-end=\"1249\">\n<p data-start=\"1164\" data-end=\"1249\"><span style=\"color: #ffffff;\">Der nahe Spiel- und Bolzplatz wird schnell zum Treffpunkt f\u00fcr kleine Abenteuer.<\/span><\/p>\n<\/li>\n<li data-start=\"1250\" data-end=\"1337\">\n<p data-start=\"1252\" data-end=\"1337\"><span style=\"color: #ffffff;\">Weiterf\u00fchrende Schulen sind gut erreichbar mit Bus oder Bahn \u2013 sicher und bequem.<\/span><\/p>\n<\/li>\n<\/ul>\n<hr data-start=\"1339\" data-end=\"1342\" \/>\n<h4 data-start=\"1344\" data-end=\"1402\"><span style=\"color: #ffffff;\"><strong data-start=\"1348\" data-end=\"1402\">F\u00fcr Paare und Alleinstehende, die das Leben lieben<\/strong><\/span><\/h4>\n<p data-start=\"1403\" data-end=\"1501\"><span style=\"color: #ffffff;\">Ob aktive Outdoorfreunde oder Ruhesuchende \u2013 hier finden Sie Raum f\u00fcr Ihre pers\u00f6nlichen W\u00fcnsche.<\/span><\/p>\n<ul data-start=\"1502\" data-end=\"1824\">\n<li data-start=\"1502\" data-end=\"1591\">\n<p data-start=\"1504\" data-end=\"1591\"><span style=\"color: #ffffff;\">Nur ein paar Schritte, und Sie sind mittendrin: im Gr\u00fcnen, auf dem Radweg, am Wasser.<\/span><\/p>\n<\/li>\n<li data-start=\"1592\" data-end=\"1698\">\n<p data-start=\"1594\" data-end=\"1698\"><span style=\"color: #ffffff;\">Die Schwackenreuter Seen laden zum Abschalten ein \u2013 mit Sonnenb\u00e4nken, Naturbeobachtung und Stille.<\/span><\/p>\n<\/li>\n<li data-start=\"1699\" data-end=\"1824\">\n<p data-start=\"1701\" data-end=\"1824\"><span style=\"color: #ffffff;\">Und wenn\u2019s doch mal st\u00e4dtischer sein darf: Der Bodensee, Stockach, Tuttlingen oder Sigmaringen sind schnell erreichbar.<\/span><\/p>\n<\/li>\n<\/ul>\n<hr data-start=\"1826\" data-end=\"1829\" \/>\n<h4 data-start=\"1831\" data-end=\"1874\"><span style=\"color: #ffffff;\"><strong data-start=\"1835\" data-end=\"1874\">Was unsere Gemeinde besonders macht<\/strong><\/span><\/h4>\n<p data-start=\"1875\" data-end=\"1926\"><span style=\"color: #ffffff;\">Hier wohnt man nicht einfach \u2013 man lebt hier.<\/span><\/p>\n<ul data-start=\"1927\" data-end=\"2297\">\n<li data-start=\"1927\" data-end=\"1985\">\n<p data-start=\"1929\" data-end=\"1985\"><span style=\"color: #ffffff;\">Glasfaseranschluss f\u00fcr modernes Arbeiten und Leben<\/span><\/p>\n<\/li>\n<li data-start=\"1986\" data-end=\"2047\">\n<p data-start=\"1988\" data-end=\"2047\"><span style=\"color: #ffffff;\">Beleuchtete Rad- und Fu\u00dfwege zwischen\u00a0 en Ortsteilen Wege, die auch in der dunklen Jahreszeit Sicherheit geben<\/span><\/p>\n<\/li>\n<li data-start=\"2048\" data-end=\"2138\">\n<p data-start=\"2050\" data-end=\"2138\"><span style=\"color: #ffffff;\">Vereine, Feste, Nachbarschaft \u2013 hier kennt man sich, hilft sich, lacht miteinander<\/span><\/p>\n<\/li>\n<li data-start=\"2139\" data-end=\"2297\">\n<p data-start=\"2141\" data-end=\"2297\"><span style=\"color: #ffffff;\">Ein gro\u00dfes Vereinsangebot, eine starke Feuerwehr, ein Outdoor-Fitnesspark und ein wundersch\u00f6ner Badesee mit Vogelbeobachtung und einer Vielzahl an B\u00e4nke und Sonnenliegen direkt an den Wegen gelegen \u2013 Leben mit Herz und Qualit\u00e4t<\/span><\/p>\n<\/li>\n<\/ul>\n<hr data-start=\"2299\" data-end=\"2302\" \/>\n<h4 data-start=\"2304\" data-end=\"2363\"><span style=\"color: #ffffff;\"><strong data-start=\"2308\" data-end=\"2363\">Ein Platz f\u00fcr Ihre Zukunft \u2013 aber mit Verantwortung<\/strong><\/span><\/h4>\n<h4 data-start=\"2489\" data-end=\"2598\"><span style=\"color: #ffffff;\"><strong data-start=\"2493\" data-end=\"2598\">Kommen Sie vorbei, sehen Sie sich um \u2013 und sp\u00fcren Sie: Das k\u00f6nnte Ihr neuer Lebensmittelpunkt werden.<\/strong><\/span><\/h4>\n<p data-start=\"2600\" data-end=\"2792\"><span style=\"color: #ffffff;\"><strong data-start=\"2600\" data-end=\"2643\">Reservierung und Verkauf starten jetzt.<\/strong><\/span><br data-start=\"2643\" data-end=\"2646\" \/><span style=\"color: #ffffff;\">Wir freuen uns auf Sie \u2013 und vielleicht hei\u00dfen wir Sie schon bald herzlich willkommen in unserer lebendigen und zukunftsorientierten Gemeinde.<\/span><\/p>\n<p data-start=\"2600\" data-end=\"2792\"><span style=\"color: #ffffff;\"><strong>\u00dcbersicht der Baupl\u00e4tze\u00a0<\/strong><\/span><br \/>\n<a href=\"https:\/\/muehlingen.de\/wordpress_01\/wp-content\/uploads\/Uebersicht-Bauplatzpreise-07-2025.pdf\">\u00dcbersicht Bauplatzpreise 07-2025<\/a><\/p>\n<p data-start=\"2600\" data-end=\"2792\"><span style=\"color: #ffffff;\"><strong>Bewerbungsformular<\/strong> (bitte an die Grst Nummer denken)<\/span><br \/>\n<a href=\"https:\/\/muehlingen.de\/wordpress_01\/wp-content\/uploads\/2025-07-24-Bewerbung-fuer-Bauplaetze-Kreuzacker.pdf\">Bewerbung f\u00fcr Baupl\u00e4tze Kreuzacker<\/a><\/p>\n<p data-start=\"2600\" data-end=\"2792\"><span style=\"color: #ffffff;\"><strong>Bebauungsvorschriften<\/strong><\/span><br \/>\n<a href=\"https:\/\/muehlingen.de\/wordpress_01\/wp-content\/uploads\/2021-12-07-Kreuzacker-Bebauungsvorschriften-1.pdf\">Kreuzacker Bebauungsvorschriften<\/a><\/p>\n<p data-start=\"2794\" data-end=\"2829\"><span style=\"color: #ffffff;\"><strong data-start=\"2794\" data-end=\"2829\">Gemeinde M\u00fchlingen<\/strong><\/span><br \/>\n<span style=\"color: #ffffff;\">Im G\u00f6hren 2<\/span><br \/>\n<span style=\"color: #ffffff;\">78357 M\u00fchlingen<\/span><\/p>\n<p data-start=\"2794\" data-end=\"2829\"><span style=\"color: #ffffff;\">07775 \/ 9303-0<\/span><br \/>\n<span style=\"color: #ffffff;\">rathaus@muehlingen.de<\/span><\/p>\n<hr \/>\n<p data-start=\"2364\" data-end=\"2482\"><span style=\"color: #ffffff;\"><strong>Bitte beachten Sie: <\/strong><\/span><\/p>\n<p data-start=\"2364\" data-end=\"2482\"><span style=\"color: #ffffff;\">Beim Erwerb eines Bauplatzes besteht eine Bauverpflichtung innerhalb von zwei Jahren (Rohbau).<\/span><\/p>\n<p data-start=\"2364\" data-end=\"2482\"><span style=\"color: #ffffff;\">Es gibt kein Punktesystem und die Anzahl der Bauplatzverk\u00e4ufe ist auf eine begrenzte Anzahl pro Jahr festgelegt. Eine Bewerbungsfrist gibt es nicht, Sie k\u00f6nnen sich ganzj\u00e4hrig bewerben.<\/span><\/p>\n<p data-start=\"2364\" data-end=\"2482\"><span style=\"color: #ffffff;\">Die Flurst\u00fccke 10, 11, 12 und 13 sind aufgrund eines vorgesehenen Streifens zur oberfl\u00e4chlichen Entw\u00e4sserung der landwirtschaftlichen Fl\u00e4chen nicht vollst\u00e4ndig nutzbar, die Fl\u00e4che geh\u00f6rt aber zu dem Grundst\u00fcck. Zudem ergibt sich hieraus eine dauerhafte Unterhaltspflicht f\u00fcr die k\u00fcnftigen Eigent\u00fcmer.<\/span><\/p>\n<p data-start=\"2364\" data-end=\"2482\"><span style=\"color: #ffffff;\">Die Gemeinde M\u00fchlingen verfolgt bei der Vergabe von Baupl\u00e4tzen das Ziel, den sozialen Zusammenhalt der B\u00fcrgerinnen und B\u00fcrger der Gemeinde zu st\u00e4rken und zu festigen (\u00a7 1 Abs. 6 Nr. 2 BauGB). Durch die vorrangige F\u00f6rderung junger, kinderreicher Familien soll der Erhalt stabiler Bev\u00f6lkerungsstrukturen in der Gemeinde gesichert und die Ortsbezogenheit in Form eines Hauptwohnsitzes \u2013 unter Beachtung der von der EuGH-Rechtsprechung (Az. C-197\/11 und C-203\/11) vorgegebenen Grenzen und Rahmenbedingungen \u2013 ber\u00fccksichtigt werden.<\/span><\/p>\n<p><span style=\"color: #ffffff;\">Jeder Bewerber kann nur ein Baugrundst\u00fcck erwerben. (Ehe-)Paare, Lebenspartner nach dem Lebenspartnerschaftsgesetz oder Partner einer sonstigen auf Dauer angelegten Lebensgemeinschaft haben eine gemeinsame Bewerbung zu stellen und k\u00f6nnen ein Grundst\u00fcck nur zum Miteigentum erwerben.<\/span><\/p>\n<p><span style=\"color: #ffffff;\">Mit der Abgabe seiner Bewerbung bewirbt sich der Antragsteller auf die Zuteilung eines Baugrundst\u00fccks im jeweiligen Baugebiet. Alle Bewerber m\u00fcssen sich mit der Bewerbungsvorlage schriftlich (Brief oder E-Mail) bei der Gemeindeverwaltung bewerben.<\/span><\/p>\n<p><span style=\"color: #ffffff;\">Mit der Abgabe seiner Bewerbung bewirbt sich der Antragsteller auf die Zuteilung eines Baugrundst\u00fccks im jeweiligen Baugebiet. Ein Rechtsanspruch auf Zuteilung eines Grundst\u00fccks besteht nicht. Nachweisliche Falschangaben oder unvollst\u00e4ndige Bewerbungsunterlagen f\u00fchren zum Verfahrensausschluss.<\/span><\/p>\n<p data-start=\"2364\" data-end=\"2482\"><span style=\"color: #ffffff;\">Die Bewerber versichern mit Abgabe der Bewerbung die Richtigkeit und Vollst\u00e4ndigkeit der Angaben und Unterlagen. Die Antragsteller m\u00fcssen die f\u00fcr die Bewerbung ma\u00dfgeblichen Angaben der Gemeinde bei Nachfrage nachweisen. Rechtsverbindlich wird der Kauf erst mit Beurkundung des Kaufvertrages. N\u00e4heres wird im Kaufvertrag geregelt. Es gelten die bei einem Verkauf der Gemeinde \u00fcblichen Konditionen.<\/span><\/p>\n<\/div><\/div><\/div><\/div><\/div>\n","protected":false},"excerpt":{"rendered":"","protected":false},"author":1,"featured_media":8127,"comment_status":"closed","ping_status":"closed","sticky":false,"template":"","format":"standard","meta":{"footnotes":""},"categories":[16,31],"tags":[],"class_list":["post-6562","post","type-post","status-publish","format-standard","has-post-thumbnail","hentry","category-aktuell","category-baugebiete"],"publishpress_future_action":{"enabled":false,"date":"2026-05-06 12:30:32","action":"change-status","newStatus":"draft","terms":[],"taxonomy":"category","extraData":[]},"publishpress_future_workflow_manual_trigger":{"enabledWorkflows":[]},"_links":{"self":[{"href":"https:\/\/muehlingen.de\/index.php?rest_route=\/wp\/v2\/posts\/6562","targetHints":{"allow":["GET"]}}],"collection":[{"href":"https:\/\/muehlingen.de\/index.php?rest_route=\/wp\/v2\/posts"}],"about":[{"href":"https:\/\/muehlingen.de\/index.php?rest_route=\/wp\/v2\/types\/post"}],"author":[{"embeddable":true,"href":"https:\/\/muehlingen.de\/index.php?rest_route=\/wp\/v2\/users\/1"}],"replies":[{"embeddable":true,"href":"https:\/\/muehlingen.de\/index.php?rest_route=%2Fwp%2Fv2%2Fcomments&post=6562"}],"version-history":[{"count":10,"href":"https:\/\/muehlingen.de\/index.php?rest_route=\/wp\/v2\/posts\/6562\/revisions"}],"predecessor-version":[{"id":8130,"href":"https:\/\/muehlingen.de\/index.php?rest_route=\/wp\/v2\/posts\/6562\/revisions\/8130"}],"wp:featuredmedia":[{"embeddable":true,"href":"https:\/\/muehlingen.de\/index.php?rest_route=\/wp\/v2\/media\/8127"}],"wp:attachment":[{"href":"https:\/\/muehlingen.de\/index.php?rest_route=%2Fwp%2Fv2%2Fmedia&parent=6562"}],"wp:term":[{"taxonomy":"category","embeddable":true,"href":"https:\/\/muehlingen.de\/index.php?rest_route=%2Fwp%2Fv2%2Fcategories&post=6562"},{"taxonomy":"post_tag","embeddable":true,"href":"https:\/\/muehlingen.de\/index.php?rest_route=%2Fwp%2Fv2%2Ftags&post=6562"}],"curies":[{"name":"wp","href":"https:\/\/api.w.org\/{rel}","templated":true}]}}