{"id":7981,"date":"2025-07-12T14:43:32","date_gmt":"2025-07-12T12:43:32","guid":{"rendered":"https:\/\/muehlingen.de\/?p=7981"},"modified":"2026-01-20T08:03:25","modified_gmt":"2026-01-20T07:03:25","slug":"2025-50-jahre-gemeinde-muehlingen-750-jahre-ortsteil-muehlingen","status":"publish","type":"post","link":"https:\/\/muehlingen.de\/?p=7981","title":{"rendered":"2025 &#8211; 50 Jahre Gemeinde M\u00fchlingen &#8211; 750 Jahre Ortsteil M\u00fchlingen &#8211; Alle Veranstaltungen und Informationen"},"content":{"rendered":"<div class=\"fusion-fullwidth fullwidth-box fusion-builder-row-1 fusion-flex-container has-pattern-background has-mask-background nonhundred-percent-fullwidth non-hundred-percent-height-scrolling\" style=\"--awb-border-radius-top-left:0px;--awb-border-radius-top-right:0px;--awb-border-radius-bottom-right:0px;--awb-border-radius-bottom-left:0px;--awb-flex-wrap:wrap;\" ><div class=\"fusion-builder-row fusion-row fusion-flex-align-items-flex-start fusion-flex-content-wrap\" style=\"max-width:1664px;margin-left: calc(-4% \/ 2 );margin-right: calc(-4% \/ 2 );\"><div class=\"fusion-layout-column fusion_builder_column fusion-builder-column-0 fusion_builder_column_1_2 1_2 fusion-flex-column\" style=\"--awb-bg-size:cover;--awb-width-large:50%;--awb-margin-top-large:0px;--awb-spacing-right-large:3.84%;--awb-margin-bottom-large:20px;--awb-spacing-left-large:3.84%;--awb-width-medium:100%;--awb-order-medium:0;--awb-spacing-right-medium:1.92%;--awb-spacing-left-medium:1.92%;--awb-width-small:100%;--awb-order-small:0;--awb-spacing-right-small:1.92%;--awb-spacing-left-small:1.92%;\"><div class=\"fusion-column-wrapper fusion-column-has-shadow fusion-flex-justify-content-flex-start fusion-content-layout-column\"><div class=\"fusion-text fusion-text-1\"><p><img decoding=\"async\" class=\"size-medium wp-image-7987 aligncenter\" src=\"https:\/\/muehlingen.de\/wordpress_01\/wp-content\/uploads\/GemMuehl_Logo-Jubilaeum-750Jahre_4c-300x291.jpg\" alt=\"\" width=\"300\" height=\"291\" srcset=\"https:\/\/muehlingen.de\/wordpress_01\/wp-content\/uploads\/GemMuehl_Logo-Jubilaeum-750Jahre_4c-200x194.jpg 200w, https:\/\/muehlingen.de\/wordpress_01\/wp-content\/uploads\/GemMuehl_Logo-Jubilaeum-750Jahre_4c-300x291.jpg 300w, https:\/\/muehlingen.de\/wordpress_01\/wp-content\/uploads\/GemMuehl_Logo-Jubilaeum-750Jahre_4c-400x388.jpg 400w, https:\/\/muehlingen.de\/wordpress_01\/wp-content\/uploads\/GemMuehl_Logo-Jubilaeum-750Jahre_4c-600x582.jpg 600w, https:\/\/muehlingen.de\/wordpress_01\/wp-content\/uploads\/GemMuehl_Logo-Jubilaeum-750Jahre_4c-768x745.jpg 768w, https:\/\/muehlingen.de\/wordpress_01\/wp-content\/uploads\/GemMuehl_Logo-Jubilaeum-750Jahre_4c-800x776.jpg 800w, https:\/\/muehlingen.de\/wordpress_01\/wp-content\/uploads\/GemMuehl_Logo-Jubilaeum-750Jahre_4c-1024x993.jpg 1024w, https:\/\/muehlingen.de\/wordpress_01\/wp-content\/uploads\/GemMuehl_Logo-Jubilaeum-750Jahre_4c-1200x1164.jpg 1200w, https:\/\/muehlingen.de\/wordpress_01\/wp-content\/uploads\/GemMuehl_Logo-Jubilaeum-750Jahre_4c-1536x1490.jpg 1536w\" sizes=\"(max-width: 300px) 100vw, 300px\" \/><img decoding=\"async\" class=\"size-medium wp-image-7988 aligncenter\" src=\"https:\/\/muehlingen.de\/wordpress_01\/wp-content\/uploads\/GemeindeMuehlingen_Jubilaeum_Subline-300x37.jpg\" alt=\"\" width=\"300\" height=\"37\" srcset=\"https:\/\/muehlingen.de\/wordpress_01\/wp-content\/uploads\/GemeindeMuehlingen_Jubilaeum_Subline-200x24.jpg 200w, https:\/\/muehlingen.de\/wordpress_01\/wp-content\/uploads\/GemeindeMuehlingen_Jubilaeum_Subline-300x37.jpg 300w, https:\/\/muehlingen.de\/wordpress_01\/wp-content\/uploads\/GemeindeMuehlingen_Jubilaeum_Subline-400x49.jpg 400w, https:\/\/muehlingen.de\/wordpress_01\/wp-content\/uploads\/GemeindeMuehlingen_Jubilaeum_Subline-600x73.jpg 600w, https:\/\/muehlingen.de\/wordpress_01\/wp-content\/uploads\/GemeindeMuehlingen_Jubilaeum_Subline-768x94.jpg 768w, https:\/\/muehlingen.de\/wordpress_01\/wp-content\/uploads\/GemeindeMuehlingen_Jubilaeum_Subline-800x98.jpg 800w, https:\/\/muehlingen.de\/wordpress_01\/wp-content\/uploads\/GemeindeMuehlingen_Jubilaeum_Subline-1024x125.jpg 1024w, https:\/\/muehlingen.de\/wordpress_01\/wp-content\/uploads\/GemeindeMuehlingen_Jubilaeum_Subline-1200x147.jpg 1200w, https:\/\/muehlingen.de\/wordpress_01\/wp-content\/uploads\/GemeindeMuehlingen_Jubilaeum_Subline-1536x188.jpg 1536w\" sizes=\"(max-width: 300px) 100vw, 300px\" \/><\/p>\n<hr \/>\n<p data-start=\"90\" data-end=\"248\"><span style=\"color: #ffffff;\">Gerne m\u00f6chten wir Ihnen anl\u00e4sslich des Jubil\u00e4umsjahres den ersten Entwurf der damaligen Vereinbarung \u00fcber die Eingemeindung der Ortsteile M\u00fchlingen, Gallmannsweil, Mainwangen und Schwackenreute zur Verf\u00fcgung stellen. Die Vereinbarung wurde jedoch nicht vollzogen, da der Ortsteil Schwackenreute eigenst\u00e4ndig bleiben wollte und erst im Zuge des weiteren Zusammenschluss mit dem Ortsteil Zoznegg am 01. Januar 1975 zur heutigen Gemeinde M\u00fchlingen zustimmte.<\/span><br \/>\n<span style=\"color: #ffffff;\">Diese Vereinbarung, die sich in einem sehr guten Zustand befindet, wurde uns freundlicherweise von einer Privatperson \u00fcberlassen.<\/span><\/p>\n<p data-start=\"90\" data-end=\"248\"><a href=\"https:\/\/muehlingen.de\/wordpress_01\/wp-content\/uploads\/1972_Vereinbahrung-Gemeinde-Vereinigung.pdf\">1972_Erster Entwurf der Vereinbarung zur Gemeinde M\u00fchlingen<\/a><\/p>\n<hr \/>\n<p><span style=\"color: #ffffff;\"><strong>Die Amtsbl\u00e4tter aus dem Jahr 1975 a<\/strong><\/span><span style=\"color: #ff0000;\"><strong><span style=\"color: #ffffff;\">uch online<\/span> (Datum klick)<\/strong><\/span><\/p>\n<p><span style=\"color: #0000ff;\"><a style=\"color: #0000ff;\" href=\"https:\/\/muehlingen.de\/wordpress_01\/wp-content\/uploads\/07.-Januar-1975.pdf\">07. Januar 1975<\/a> &#8211;\u00a0<a style=\"color: #0000ff;\" href=\"https:\/\/muehlingen.de\/wordpress_01\/wp-content\/uploads\/23.-Januar-1975.pdf\">23. Januar 1975<\/a><\/span><\/p>\n<p><span style=\"color: #0000ff;\"><a style=\"color: #0000ff;\" href=\"https:\/\/muehlingen.de\/wordpress_01\/wp-content\/uploads\/18.-Februar-1975.pdf\">18. Februar 1975<\/a><\/span><\/p>\n<p><span style=\"color: #0000ff;\"><a style=\"color: #0000ff;\" href=\"https:\/\/muehlingen.de\/wordpress_01\/wp-content\/uploads\/03.-Maerz-1975.pdf\">03. M\u00e4rz 1975<\/a> &#8211; <a style=\"background-color: rgba(0, 0, 0, 0); color: #0000ff;\" href=\"https:\/\/muehlingen.de\/wordpress_01\/wp-content\/uploads\/12.-Maerz-1975.pdf\">12. M\u00e4rz 1975<\/a><span style=\"background-color: rgba(0, 0, 0, 0);\"> &#8211; <\/span><a style=\"background-color: rgba(0, 0, 0, 0); color: #0000ff;\" href=\"https:\/\/muehlingen.de\/wordpress_01\/wp-content\/uploads\/17.-Maerz-1975.pdf\">17. M\u00e4rz 1975<\/a><span style=\"background-color: rgba(0, 0, 0, 0);\"> &#8211; <\/span><a style=\"background-color: rgba(0, 0, 0, 0); color: #0000ff;\" href=\"https:\/\/muehlingen.de\/wordpress_01\/wp-content\/uploads\/21.-Maerz-1975.pdf\">21. M\u00e4rz 1975<\/a>\u00a0&#8211; <a style=\"color: #0000ff;\" href=\"https:\/\/muehlingen.de\/wordpress_01\/wp-content\/uploads\/26.-Maerz-1975.pdf\">26. M\u00e4rz 1975<\/a><\/span><\/p>\n<p><span style=\"color: #0000ff;\"><a style=\"color: #0000ff;\" href=\"https:\/\/muehlingen.de\/wordpress_01\/wp-content\/uploads\/07.-April-1975.pdf\">07. April 1975<\/a>\u00a0 &#8211; <a style=\"color: #0000ff;\" href=\"https:\/\/muehlingen.de\/wordpress_01\/wp-content\/uploads\/24.-April-1975.pdf\">24. April 1975<\/a>\u00a0&#8211; <a style=\"color: #0000ff;\" href=\"https:\/\/muehlingen.de\/wordpress_01\/wp-content\/uploads\/23.-April-1975.pdf\">23. April 1975<\/a> &#8211; <a style=\"color: #0000ff;\" href=\"https:\/\/muehlingen.de\/wordpress_01\/wp-content\/uploads\/24.-April-1975-2.pdf\">24. April 1975<\/a><\/span><\/p>\n<p><span style=\"color: #0000ff;\"><a style=\"color: #0000ff;\" href=\"https:\/\/muehlingen.de\/wordpress_01\/wp-content\/uploads\/09.-Mai-1975.pdf\">09. Mai 1975<\/a> &#8211; <a style=\"color: #0000ff;\" href=\"https:\/\/muehlingen.de\/wordpress_01\/wp-content\/uploads\/14.-Mai-1975.pdf\">14. Mai 1975<\/a> &#8211; <a style=\"color: #0000ff;\" href=\"https:\/\/muehlingen.de\/wordpress_01\/wp-content\/uploads\/26.-Mai-1975.pdf\">26. Mai 1975<\/a><\/span><\/p>\n<p><span style=\"color: #0000ff;\"><a style=\"color: #0000ff;\" href=\"https:\/\/muehlingen.de\/wordpress_01\/wp-content\/uploads\/02.-Juni-1975.pdf\">02. Juni 1975<\/a> &#8211; <a style=\"color: #0000ff;\" href=\"https:\/\/muehlingen.de\/wordpress_01\/wp-content\/uploads\/09.-Juni-1975.pdf\">09. Juni 1975<\/a> &#8211; <a style=\"color: #0000ff;\" href=\"https:\/\/muehlingen.de\/wordpress_01\/wp-content\/uploads\/12.-Juni-1975.pdf\">12. Juni 1975<\/a> &#8211; <a style=\"color: #0000ff;\" href=\"https:\/\/muehlingen.de\/wordpress_01\/wp-content\/uploads\/23.-Juni-1975.pdf\">23. Juni 1975<\/a><\/span><\/p>\n<p><span style=\"color: #0000ff;\"><a style=\"color: #0000ff;\" href=\"https:\/\/muehlingen.de\/wordpress_01\/wp-content\/uploads\/10.-Juli-1975.pdf\">10. Juli 1975<\/a> &#8211; <a style=\"color: #0000ff;\" href=\"https:\/\/muehlingen.de\/wordpress_01\/wp-content\/uploads\/21.-Juli-1975.pdf\">21. Juli 1975<\/a><\/span><\/p>\n<p><span style=\"color: #0000ff;\"><a style=\"color: #0000ff;\" href=\"https:\/\/muehlingen.de\/wordpress_01\/wp-content\/uploads\/05.-August-1975.pdf\">05. August 1975<\/a> &#8211; <a style=\"color: #0000ff;\" href=\"https:\/\/muehlingen.de\/wordpress_01\/wp-content\/uploads\/21.-August-1975.pdf\">21. August 1975<\/a><\/span><\/p>\n<p><span style=\"color: #0000ff;\"><a style=\"color: #0000ff;\" href=\"https:\/\/muehlingen.de\/wordpress_01\/wp-content\/uploads\/02.-September-1975.pdf\"><span style=\"color: #0000ff;\">02. September 1975<\/span><\/a> &#8211; <a style=\"color: #0000ff;\" href=\"https:\/\/muehlingen.de\/wordpress_01\/wp-content\/uploads\/15.-September-1975.pdf\">15. September 1975<\/a> &#8211; <a style=\"color: #0000ff;\" href=\"https:\/\/muehlingen.de\/wordpress_01\/wp-content\/uploads\/29.-September-1975.pdf\">29. September 1975<\/a><\/span><\/p>\n<p><span style=\"color: #0000ff;\"><a style=\"color: #0000ff;\" href=\"https:\/\/muehlingen.de\/wordpress_01\/wp-content\/uploads\/15.-Oktober-1975.pdf\">15. Oktober 1975<\/a><\/span><\/p>\n<p><span style=\"color: #0000ff;\"><a style=\"color: #0000ff;\" href=\"https:\/\/muehlingen.de\/wordpress_01\/wp-content\/uploads\/03.-November-1975.pdf\">03. November 1975<\/a> &#8211;\u00a0<a style=\"color: #0000ff;\" href=\"https:\/\/muehlingen.de\/wordpress_01\/wp-content\/uploads\/18.-November-1975.pdf\">18. November 1975<\/a><\/span><\/p>\n<p><span style=\"color: #0000ff;\"><a style=\"color: #0000ff;\" href=\"https:\/\/muehlingen.de\/wordpress_01\/wp-content\/uploads\/01.-Dezember-1975.pdf\">01. Dezember 1975<\/a> &#8211;\u00a0<a style=\"color: #0000ff;\" href=\"https:\/\/muehlingen.de\/wordpress_01\/wp-content\/uploads\/08.-Dezember-1975.pdf\">08. Dezember 1975<\/a> &#8211;\u00a0<a style=\"color: #0000ff;\" href=\"https:\/\/muehlingen.de\/wordpress_01\/wp-content\/uploads\/16.-Dezember-1975.pdf\">16. Dezember 1975<\/a><\/span><\/p>\n<\/div><\/div><\/div><div class=\"fusion-layout-column fusion_builder_column fusion-builder-column-1 fusion_builder_column_1_2 1_2 fusion-flex-column\" style=\"--awb-bg-size:cover;--awb-width-large:50%;--awb-margin-top-large:0px;--awb-spacing-right-large:3.84%;--awb-margin-bottom-large:20px;--awb-spacing-left-large:3.84%;--awb-width-medium:100%;--awb-order-medium:0;--awb-spacing-right-medium:1.92%;--awb-spacing-left-medium:1.92%;--awb-width-small:100%;--awb-order-small:0;--awb-spacing-right-small:1.92%;--awb-spacing-left-small:1.92%;\"><div class=\"fusion-column-wrapper fusion-column-has-shadow fusion-flex-justify-content-flex-start fusion-content-layout-column\"><div class=\"fusion-text fusion-text-2\"><h2><span style=\"color: #ffffff;\">Ein besonderes Jahr mit vielen besonderen Veranstaltungen:<\/span><br \/>\n<span style=\"color: #ffffff;\">Hier finden Sie alle Informationen zu den Veranstaltungen im Jahr 2025<\/span><\/h2>\n<hr \/>\n<h4><span style=\"color: #ffffff;\">Diese Veranstaltungen liegen bereits zur\u00fcck:<\/span><\/h4>\n<hr \/>\n<p><span style=\"color: #ffffff;\">29. November 19 Uhr &#8211; Ein hochklassiges Streichkonzert<\/span><\/p>\n<p><span style=\"color: #ffffff;\">Kirche St. Martin \/ M\u00fchlingen<\/span><\/p>\n<p><span style=\"color: #ffffff;\">Das internationale Streichduo mit Cecilia Vizzini (Viola) und Christoph Theinert (Violoncello) laden zu einem besonderen Konzertabend in der Kirche St. Martin ein. Sie h\u00f6ren ein fein abgestimmtes Programm mit Werken von Joseph Haydn, Franz Schubert, Domenico Scarlatti, Ludwig van Beethoven und anderen. Das Ensemble verbindet musikalische Pr\u00e4zision mit klanglicher Tiefe und bietet dem Publikum ein authentisches und lebendiges Kammermusikerlebnis in der besonderen Akustik der historischen Kirche.<\/span><\/p>\n<p><span style=\"color: #ffffff;\">Einlass: ab 18.30 Uhr<\/span><br \/>\n<span style=\"color: #ffffff;\">Beginn: 19 Uhr (ca. 60 Minuten)<\/span><\/p>\n<p><span style=\"color: #ffffff;\">Die Ministranten sorgen vor und nach dem Konzert f\u00fcr Ihr leibliches Wohl.<\/span><\/p>\n<p><span style=\"color: #ffffff;\">Interessierte aus dem Umland sind auch sehr herzlich eingeladen.<\/span><\/p>\n<h4><span style=\"color: #ffffff;\">Der Eintritt ist frei.<\/span><\/h4>\n<p><span style=\"color: #ffffff;\">\u00dcber eine Spende w\u00fcrden wir uns sehr freuen, sie kommt einem guten Zweck zugute.<\/span><\/p>\n<p><span style=\"color: #ffffff;\">Link zum Flyer: <a style=\"color: #ffffff;\" href=\"https:\/\/muehlingen.de\/wordpress_01\/wp-content\/uploads\/Konzert-Kirche-1.pdf\">Konzert Kirche<\/a>; <a style=\"color: #ffffff;\" href=\"https:\/\/muehlingen.de\/wordpress_01\/wp-content\/uploads\/Programm-Konzert.pdf\">Programm Konzert<\/a>; <a style=\"color: #ffffff;\" href=\"https:\/\/muehlingen.de\/wordpress_01\/wp-content\/uploads\/Vita-Musiker-Konzert.pdf\">Vita Musiker Konzert<\/a><\/span><\/p>\n<p><span style=\"color: #ffffff;\"><img decoding=\"async\" class=\"alignnone size-medium wp-image-8285\" src=\"https:\/\/muehlingen.de\/wordpress_01\/wp-content\/uploads\/Konzert-Kirche-1-216x300.jpg\" alt=\"\" width=\"216\" height=\"300\" srcset=\"https:\/\/muehlingen.de\/wordpress_01\/wp-content\/uploads\/Konzert-Kirche-1-200x278.jpg 200w, https:\/\/muehlingen.de\/wordpress_01\/wp-content\/uploads\/Konzert-Kirche-1-216x300.jpg 216w, https:\/\/muehlingen.de\/wordpress_01\/wp-content\/uploads\/Konzert-Kirche-1-400x555.jpg 400w, https:\/\/muehlingen.de\/wordpress_01\/wp-content\/uploads\/Konzert-Kirche-1-600x833.jpg 600w, https:\/\/muehlingen.de\/wordpress_01\/wp-content\/uploads\/Konzert-Kirche-1-738x1024.jpg 738w, https:\/\/muehlingen.de\/wordpress_01\/wp-content\/uploads\/Konzert-Kirche-1.jpg 753w\" sizes=\"(max-width: 216px) 100vw, 216px\" \/><img decoding=\"async\" class=\"alignnone size-medium wp-image-8286\" src=\"https:\/\/muehlingen.de\/wordpress_01\/wp-content\/uploads\/Programm-Konzert-202x300.jpg\" alt=\"\" width=\"202\" height=\"300\" srcset=\"https:\/\/muehlingen.de\/wordpress_01\/wp-content\/uploads\/Programm-Konzert-200x297.jpg 200w, https:\/\/muehlingen.de\/wordpress_01\/wp-content\/uploads\/Programm-Konzert-202x300.jpg 202w, https:\/\/muehlingen.de\/wordpress_01\/wp-content\/uploads\/Programm-Konzert-400x594.jpg 400w, https:\/\/muehlingen.de\/wordpress_01\/wp-content\/uploads\/Programm-Konzert-600x890.jpg 600w, https:\/\/muehlingen.de\/wordpress_01\/wp-content\/uploads\/Programm-Konzert-690x1024.jpg 690w, https:\/\/muehlingen.de\/wordpress_01\/wp-content\/uploads\/Programm-Konzert.jpg 752w\" sizes=\"(max-width: 202px) 100vw, 202px\" \/><img decoding=\"async\" class=\"alignnone size-medium wp-image-8287\" src=\"https:\/\/muehlingen.de\/wordpress_01\/wp-content\/uploads\/Bio-Musiker-Konzert-212x300.jpg\" alt=\"\" width=\"212\" height=\"300\" srcset=\"https:\/\/muehlingen.de\/wordpress_01\/wp-content\/uploads\/Bio-Musiker-Konzert-200x284.jpg 200w, https:\/\/muehlingen.de\/wordpress_01\/wp-content\/uploads\/Bio-Musiker-Konzert-212x300.jpg 212w, https:\/\/muehlingen.de\/wordpress_01\/wp-content\/uploads\/Bio-Musiker-Konzert-400x567.jpg 400w, https:\/\/muehlingen.de\/wordpress_01\/wp-content\/uploads\/Bio-Musiker-Konzert-600x851.jpg 600w, https:\/\/muehlingen.de\/wordpress_01\/wp-content\/uploads\/Bio-Musiker-Konzert-722x1024.jpg 722w, https:\/\/muehlingen.de\/wordpress_01\/wp-content\/uploads\/Bio-Musiker-Konzert-768x1089.jpg 768w, https:\/\/muehlingen.de\/wordpress_01\/wp-content\/uploads\/Bio-Musiker-Konzert.jpg 776w\" sizes=\"(max-width: 212px) 100vw, 212px\" \/><\/span><\/p>\n<hr \/>\n<h4><span style=\"color: #ffffff;\">24. Oktober 19 Uhr &#8211; B\u00fcrger- und Ehrenabend<\/span><br \/>\n<span style=\"color: #ffffff;\">M\u00fchlingen \/ Schlo\u00dfb\u00fchlhalle<\/span><\/h4>\n<p><span style=\"color: #ffffff;\">Einlass: ab 18.30 Uhr<\/span><br \/>\n<span style=\"color: #ffffff;\">Beginn: 19 Uhr<\/span><\/p>\n<p><span style=\"color: #ffffff;\">50 Jahre Gemeinde M\u00fchlingen, 750 Jahre Ortsteil M\u00fchlingen<\/span><br \/>\n<span style=\"color: #ffffff;\">Offizieller Festakt der Gemeinde<\/span><\/p>\n<p><span style=\"color: #ffffff;\"><strong>Gastredner<\/strong><\/span><br \/>\n<span style=\"color: #ffffff;\">Dr. Scheck &#8211; Kreisarchivar<\/span><br \/>\n<span style=\"color: #ffffff;\">Hr. J\u00fcppner &#8211; B\u00fcrgermeister a.D.<\/span><\/p>\n<p><span style=\"color: #ffffff;\"><strong>Gru\u00dfworte aus der Politik<\/strong><\/span><\/p>\n<p><span style=\"color: #ffffff;\">Umrahmt von JuMu M\u00fchlingen-Zoznegg<\/span><br \/>\n<span style=\"color: #ffffff;\">Ehrungen<\/span><br \/>\n<span style=\"color: #ffffff;\">Ausklang in gem\u00fctlichen Gespr\u00e4chen<\/span><\/p>\n<p><span style=\"color: #ffffff;\">Link zur Einladung: <a style=\"color: #ffffff;\" href=\"https:\/\/muehlingen.de\/wordpress_01\/wp-content\/uploads\/Feierliche-Einladung-zum-offiziellen-Festakt-neu.pdf\">Einladung zum offiziellen Festakt<\/a><\/span><\/p>\n<p><span style=\"color: #ffffff;\"><img decoding=\"async\" class=\"alignnone size-medium wp-image-8267\" src=\"https:\/\/muehlingen.de\/wordpress_01\/wp-content\/uploads\/EInladung-Festakt-249x300.jpg\" alt=\"\" width=\"249\" height=\"300\" srcset=\"https:\/\/muehlingen.de\/wordpress_01\/wp-content\/uploads\/EInladung-Festakt-200x241.jpg 200w, https:\/\/muehlingen.de\/wordpress_01\/wp-content\/uploads\/EInladung-Festakt-249x300.jpg 249w, https:\/\/muehlingen.de\/wordpress_01\/wp-content\/uploads\/EInladung-Festakt-400x481.jpg 400w, https:\/\/muehlingen.de\/wordpress_01\/wp-content\/uploads\/EInladung-Festakt-600x722.jpg 600w, https:\/\/muehlingen.de\/wordpress_01\/wp-content\/uploads\/EInladung-Festakt-768x924.jpg 768w, https:\/\/muehlingen.de\/wordpress_01\/wp-content\/uploads\/EInladung-Festakt-800x963.jpg 800w, https:\/\/muehlingen.de\/wordpress_01\/wp-content\/uploads\/EInladung-Festakt-851x1024.jpg 851w, https:\/\/muehlingen.de\/wordpress_01\/wp-content\/uploads\/EInladung-Festakt.jpg 885w\" sizes=\"(max-width: 249px) 100vw, 249px\" \/><\/span><\/p>\n<hr \/>\n<h4><span style=\"color: #ffffff;\"><strong>20. September 2025 Schaffstallfes(ch)t<\/strong><\/span><br \/>\n<span style=\"color: #ffffff;\"><strong>Mainwangen \/ M\u00f6ll&#8217;s Schafstall &#8211; Bergh\u00f6lzleweg<\/strong><\/span><\/h4>\n<p><span style=\"color: #ffffff;\"><strong>20. September &#8211; ganzt\u00e4gig<\/strong><\/span><br \/>\n<span style=\"color: #ffffff;\">10 Uhr &#8211; Oldtimertreffen<\/span><br \/>\n<span style=\"color: #ffffff;\">ab 11 Uhr Mittagstisch<\/span><br \/>\n<span style=\"color: #ffffff;\">13 + 15 Uhr Zaubershow mit Mischter Toscana<\/span><br \/>\n<span style=\"color: #ffffff;\">ab 17.30 Uhr Lamm-Spezialit\u00e4ten vom Holzkohlegrill<\/span><br \/>\n<span style=\"color: #ffffff;\">ab 19 Uhr &#8211; Unterhaltung mit Hubert Martin<\/span><\/p>\n<p><span style=\"color: #ffffff;\">Link zum Flyer: <a style=\"color: #ffffff;\" href=\"https:\/\/muehlingen.de\/wordpress_01\/wp-content\/uploads\/Flyer_50Jahre_Gemeinde_Schafstallfest.pdf\">Flyer 50 Jahre Gemeinde &#8211; Schafstallfest<\/a><\/span><\/p>\n<p><span style=\"color: #ffffff;\"><img decoding=\"async\" class=\"alignnone size-medium wp-image-8072\" src=\"https:\/\/muehlingen.de\/wordpress_01\/wp-content\/uploads\/Flyer_50Jahre_Gemeinde_Schafstallfest-141x300.jpg\" alt=\"\" width=\"141\" height=\"300\" srcset=\"https:\/\/muehlingen.de\/wordpress_01\/wp-content\/uploads\/Flyer_50Jahre_Gemeinde_Schafstallfest-141x300.jpg 141w, https:\/\/muehlingen.de\/wordpress_01\/wp-content\/uploads\/Flyer_50Jahre_Gemeinde_Schafstallfest-200x424.jpg 200w, https:\/\/muehlingen.de\/wordpress_01\/wp-content\/uploads\/Flyer_50Jahre_Gemeinde_Schafstallfest-400x849.jpg 400w, https:\/\/muehlingen.de\/wordpress_01\/wp-content\/uploads\/Flyer_50Jahre_Gemeinde_Schafstallfest-483x1024.jpg 483w, https:\/\/muehlingen.de\/wordpress_01\/wp-content\/uploads\/Flyer_50Jahre_Gemeinde_Schafstallfest-600x1273.jpg 600w, https:\/\/muehlingen.de\/wordpress_01\/wp-content\/uploads\/Flyer_50Jahre_Gemeinde_Schafstallfest-724x1536.jpg 724w, https:\/\/muehlingen.de\/wordpress_01\/wp-content\/uploads\/Flyer_50Jahre_Gemeinde_Schafstallfest.jpg 754w\" sizes=\"(max-width: 141px) 100vw, 141px\" \/><\/span><\/p>\n<hr \/>\n<h4><span style=\"color: #ffffff;\"><strong>06. September 2025 Dorffest Zoznegg<\/strong><\/span><br \/>\n<span style=\"color: #ffffff;\"><strong>Zoznegg \/ bei der Weiherbachhalle<\/strong><\/span><\/h4>\n<p><span style=\"color: #ffffff;\"><strong>06. September &#8211; ab 15 Uhr<\/strong><\/span><\/p>\n<p><span style=\"color: #ffffff;\">Dorffest Zoznegg \u2013 Gemeinsam feiern am 6. September!<\/span><\/p>\n<p><span style=\"color: #ffffff;\">Anl\u00e4sslich des Gemeindejubil\u00e4ums laden wir herzlich zum gro\u00dfen Dorffest in Zoznegg ein! Freuen Sie sich auf einen bunten Familientag voller Spa\u00df, Unterhaltung und guter Laune \u2013 f\u00fcr Jung und Alt ist etwas dabei!<\/span><\/p>\n<p><span style=\"color: #ffffff;\">Die \u00f6rtlichen Vereine und der Ortschaftsrat sorgen f\u00fcr ein festliches Ambiente, kulinarische Gen\u00fcsse und ein abwechslungsreiches Programm. Ob Spiel, Musik oder gem\u00fctliches Beisammensein \u2013 erleben Sie einen unvergesslichen Tag in unserer Dorfgemeinschaft.<\/span><\/p>\n<p><span style=\"color: #ffffff;\">Vorstellung des Projektes zur Umgestaltung des Spielplatzes zu einer Begegnungsst\u00e4tte.<\/span><\/p>\n<p><span style=\"color: #ffffff;\">15;00 Uhr Festbeginn<\/span><br \/>\n<span style=\"color: #ffffff;\">15:15 Uhr Auftritt Kindergarten Zoznegg<\/span><\/p>\n<p><span style=\"color: #ffffff;\">ab 15:30 Uhr<\/span><br \/>\n<span style=\"color: #ffffff;\">Gewerbeschau der \u00f6rtlichen Betriebe<\/span><br \/>\n<span style=\"color: #ffffff;\">Olympiade mit Aktionen der Vereine<\/span><br \/>\n<span style=\"color: #ffffff;\">JuMu M\u00fchlingen-Zoznegg<\/span><\/p>\n<p><span style=\"color: #ffffff;\">ab 16:30 Uhr Tanzauftritte<\/span><br \/>\n<span style=\"color: #ffffff;\">17:30 Uhr Akkordeon Orchester Zoznegg<\/span><br \/>\n<span style=\"color: #ffffff;\">18:45 Uhr Siegerehrung Olympiade<\/span><br \/>\n<span style=\"color: #ffffff;\">ab 19:00 Uhr Musikverein Zoznegg<\/span><\/p>\n<p><span style=\"color: #ffffff;\">Link zum Flyer: <a style=\"color: #ffffff;\" href=\"https:\/\/muehlingen.de\/wordpress_01\/wp-content\/uploads\/Zoznegg-Flyer-1.pdf\">Zoznegg Flyer 1<\/a>, <a style=\"color: #ffffff;\" href=\"https:\/\/muehlingen.de\/wordpress_01\/wp-content\/uploads\/Zoznegg-Flyer-2.pdf\">Zoznegg Flyer 2<\/a><\/span><\/p>\n<p><span style=\"color: #ffffff;\"><img decoding=\"async\" class=\"alignnone size-medium wp-image-8139\" src=\"https:\/\/muehlingen.de\/wordpress_01\/wp-content\/uploads\/1000041965-169x300.jpg\" alt=\"\" width=\"169\" height=\"300\" srcset=\"https:\/\/muehlingen.de\/wordpress_01\/wp-content\/uploads\/1000041965-169x300.jpg 169w, https:\/\/muehlingen.de\/wordpress_01\/wp-content\/uploads\/1000041965-200x356.jpg 200w, https:\/\/muehlingen.de\/wordpress_01\/wp-content\/uploads\/1000041965-400x711.jpg 400w, https:\/\/muehlingen.de\/wordpress_01\/wp-content\/uploads\/1000041965-576x1024.jpg 576w, https:\/\/muehlingen.de\/wordpress_01\/wp-content\/uploads\/1000041965-600x1067.jpg 600w, https:\/\/muehlingen.de\/wordpress_01\/wp-content\/uploads\/1000041965-768x1365.jpg 768w, https:\/\/muehlingen.de\/wordpress_01\/wp-content\/uploads\/1000041965-800x1422.jpg 800w, https:\/\/muehlingen.de\/wordpress_01\/wp-content\/uploads\/1000041965-864x1536.jpg 864w, https:\/\/muehlingen.de\/wordpress_01\/wp-content\/uploads\/1000041965.jpg 900w\" sizes=\"(max-width: 169px) 100vw, 169px\" \/><img decoding=\"async\" class=\"alignnone size-medium wp-image-8138\" src=\"https:\/\/muehlingen.de\/wordpress_01\/wp-content\/uploads\/1000041725-169x300.jpg\" alt=\"\" width=\"169\" height=\"300\" srcset=\"https:\/\/muehlingen.de\/wordpress_01\/wp-content\/uploads\/1000041725-169x300.jpg 169w, https:\/\/muehlingen.de\/wordpress_01\/wp-content\/uploads\/1000041725-200x356.jpg 200w, https:\/\/muehlingen.de\/wordpress_01\/wp-content\/uploads\/1000041725-400x711.jpg 400w, https:\/\/muehlingen.de\/wordpress_01\/wp-content\/uploads\/1000041725-576x1024.jpg 576w, https:\/\/muehlingen.de\/wordpress_01\/wp-content\/uploads\/1000041725-600x1067.jpg 600w, https:\/\/muehlingen.de\/wordpress_01\/wp-content\/uploads\/1000041725-768x1365.jpg 768w, https:\/\/muehlingen.de\/wordpress_01\/wp-content\/uploads\/1000041725-800x1422.jpg 800w, https:\/\/muehlingen.de\/wordpress_01\/wp-content\/uploads\/1000041725-864x1536.jpg 864w, https:\/\/muehlingen.de\/wordpress_01\/wp-content\/uploads\/1000041725.jpg 900w\" sizes=\"(max-width: 169px) 100vw, 169px\" \/><\/span><\/p>\n<hr \/>\n<h4><span style=\"color: #ffffff;\"><strong>30. <\/strong><strong>August 2025 Blaulichtparty<\/strong><\/span><br \/>\n<span style=\"color: #ffffff;\"><strong>M\u00fchlingen \/ Im G\u00f6hren &#8211; Ger\u00e4tehaus Feuerwehr<\/strong><\/span><\/h4>\n<p><span style=\"color: #ffffff;\"><strong>30. August &#8211; ab 19 Uhr <\/strong><\/span><br \/>\n<span style=\"color: #ffffff;\">Cocktails + Shots<\/span><br \/>\n<span style=\"color: #ffffff;\">DJ Team K-wies mit DJ NELI<\/span><br \/>\n<span style=\"color: #ffffff;\">Eintritt frei &#8211; ab 16 Jahren<\/span><\/p>\n<p><span style=\"color: #ffffff;\">Link zum Flyer: <a style=\"color: #ffffff;\" href=\"https:\/\/muehlingen.de\/wordpress_01\/wp-content\/uploads\/BlaulichtParty-Flyer-A6.pdf.pdf\">Blaulicht Party Flyer<\/a><\/span><\/p>\n<p><span style=\"color: #ffffff;\"><img decoding=\"async\" class=\"alignnone size-medium wp-image-8081\" src=\"https:\/\/muehlingen.de\/wordpress_01\/wp-content\/uploads\/Blaulicht-Party-Muehlingen-212x300.jpg\" alt=\"\" width=\"212\" height=\"300\" srcset=\"https:\/\/muehlingen.de\/wordpress_01\/wp-content\/uploads\/Blaulicht-Party-Muehlingen-200x283.jpg 200w, https:\/\/muehlingen.de\/wordpress_01\/wp-content\/uploads\/Blaulicht-Party-Muehlingen-212x300.jpg 212w, https:\/\/muehlingen.de\/wordpress_01\/wp-content\/uploads\/Blaulicht-Party-Muehlingen-400x566.jpg 400w, https:\/\/muehlingen.de\/wordpress_01\/wp-content\/uploads\/Blaulicht-Party-Muehlingen-600x849.jpg 600w, https:\/\/muehlingen.de\/wordpress_01\/wp-content\/uploads\/Blaulicht-Party-Muehlingen-724x1024.jpg 724w, https:\/\/muehlingen.de\/wordpress_01\/wp-content\/uploads\/Blaulicht-Party-Muehlingen-768x1086.jpg 768w, https:\/\/muehlingen.de\/wordpress_01\/wp-content\/uploads\/Blaulicht-Party-Muehlingen-800x1131.jpg 800w, https:\/\/muehlingen.de\/wordpress_01\/wp-content\/uploads\/Blaulicht-Party-Muehlingen-1086x1536.jpg 1086w, https:\/\/muehlingen.de\/wordpress_01\/wp-content\/uploads\/Blaulicht-Party-Muehlingen-1200x1697.jpg 1200w, https:\/\/muehlingen.de\/wordpress_01\/wp-content\/uploads\/Blaulicht-Party-Muehlingen-1448x2048.jpg 1448w, https:\/\/muehlingen.de\/wordpress_01\/wp-content\/uploads\/Blaulicht-Party-Muehlingen-scaled.jpg 1810w\" sizes=\"(max-width: 212px) 100vw, 212px\" \/><\/span><\/p>\n<hr \/>\n<h4><span style=\"color: #ffffff;\"><strong>19. Juli 2025 Dorfplatzhock<\/strong><\/span><br \/>\n<span style=\"color: #ffffff;\"><strong>Gallmannsweil \/ Hinter dem alten Rathaus<\/strong><\/span><\/h4>\n<p><span style=\"color: #ffffff;\"><strong>19. Juli &#8211; ab 17 Uhr<\/strong><\/span><br \/>\n<span style=\"color: #ffffff;\">Leckeres vom Grill, Pommes und k\u00fchle Getr\u00e4nke<\/span><br \/>\n<span style=\"color: #ffffff;\">Gem\u00fctliches Beisammensein<\/span><\/p>\n<p><span style=\"color: #ffffff;\">Link zum Flyer: <a style=\"color: #ffffff;\" href=\"https:\/\/muehlingen.de\/wordpress_01\/wp-content\/uploads\/Flyer-Dorfplatzhock_-Gallmannsweil.pdf\">Flyer Dorfplatzhock Gallmannsweil<\/a><\/span><\/p>\n<p><span style=\"color: #ffffff;\"><img decoding=\"async\" class=\"alignnone size-medium wp-image-8076\" src=\"https:\/\/muehlingen.de\/wordpress_01\/wp-content\/uploads\/Flyer-Dorfplatzhock_-Gallmannsweil-213x300.jpg\" alt=\"\" width=\"213\" height=\"300\" srcset=\"https:\/\/muehlingen.de\/wordpress_01\/wp-content\/uploads\/Flyer-Dorfplatzhock_-Gallmannsweil-200x282.jpg 200w, https:\/\/muehlingen.de\/wordpress_01\/wp-content\/uploads\/Flyer-Dorfplatzhock_-Gallmannsweil-213x300.jpg 213w, https:\/\/muehlingen.de\/wordpress_01\/wp-content\/uploads\/Flyer-Dorfplatzhock_-Gallmannsweil-400x564.jpg 400w, https:\/\/muehlingen.de\/wordpress_01\/wp-content\/uploads\/Flyer-Dorfplatzhock_-Gallmannsweil-600x846.jpg 600w, https:\/\/muehlingen.de\/wordpress_01\/wp-content\/uploads\/Flyer-Dorfplatzhock_-Gallmannsweil-726x1024.jpg 726w, https:\/\/muehlingen.de\/wordpress_01\/wp-content\/uploads\/Flyer-Dorfplatzhock_-Gallmannsweil-768x1083.jpg 768w, https:\/\/muehlingen.de\/wordpress_01\/wp-content\/uploads\/Flyer-Dorfplatzhock_-Gallmannsweil-800x1128.jpg 800w, https:\/\/muehlingen.de\/wordpress_01\/wp-content\/uploads\/Flyer-Dorfplatzhock_-Gallmannsweil-1090x1536.jpg 1090w, https:\/\/muehlingen.de\/wordpress_01\/wp-content\/uploads\/Flyer-Dorfplatzhock_-Gallmannsweil-1200x1692.jpg 1200w, https:\/\/muehlingen.de\/wordpress_01\/wp-content\/uploads\/Flyer-Dorfplatzhock_-Gallmannsweil.jpg 1240w\" sizes=\"(max-width: 213px) 100vw, 213px\" \/><\/span><\/p>\n<hr \/>\n<h4><span style=\"color: #ffffff;\"><strong>0<\/strong><strong>5. Juli 2025 + 06. Juli 2025<\/strong><\/span><br \/>\n<span style=\"color: #ffffff;\"><strong>M\u00fchlingen \/ Schlo\u00dfb\u00fchlhalle<\/strong><\/span><\/h4>\n<p><span style=\"color: #ffffff;\"><strong>05. Juli &#8211; ab 14 Uhr <\/strong><\/span><br \/>\n<span style=\"color: #ffffff;\">Bildersuchwanderung mit Siegerehrung<\/span><br \/>\n<span style=\"color: #ffffff;\">D\u00e4mmerschoppen mit MV M\u00fchlingen<\/span><\/p>\n<p><span style=\"color: #ffffff;\"><strong>06. Juli &#8211; ab 9.30 Uhr<\/strong><\/span><br \/>\n<span style=\"color: #ffffff;\">Gottesdienst<\/span><br \/>\n<span style=\"color: #ffffff;\">Familienfest<\/span><br \/>\n<span style=\"color: #ffffff;\">Fr\u00fchschoppen mit Akkordeon Orchester Zoznegg<\/span><br \/>\n<span style=\"color: #ffffff;\">Unterhaltungsprogramm<\/span><br \/>\n<span style=\"color: #ffffff;\">Musikverein Wald spielt bei Kaffee und Kuchen<\/span><\/p>\n<p><span style=\"color: #ffffff;\">Link zum Flyer: <a style=\"color: #ffffff;\" href=\"https:\/\/muehlingen.de\/wordpress_01\/wp-content\/uploads\/Muehlingen-Flyer-1.pdf\">M\u00fchlingen Flyer 1<\/a>, <a style=\"color: #ffffff;\" href=\"https:\/\/muehlingen.de\/wordpress_01\/wp-content\/uploads\/Muehlingen-Flyer-2.pdf\">M\u00fchlingen Flyer 2<\/a><\/span><\/p>\n<p><span style=\"color: #ffffff;\"><img decoding=\"async\" class=\"alignnone size-medium wp-image-8049\" src=\"https:\/\/muehlingen.de\/wordpress_01\/wp-content\/uploads\/Muehlingen-Flyer-2-213x300.jpg\" alt=\"\" width=\"213\" height=\"300\" srcset=\"https:\/\/muehlingen.de\/wordpress_01\/wp-content\/uploads\/Muehlingen-Flyer-2-200x282.jpg 200w, https:\/\/muehlingen.de\/wordpress_01\/wp-content\/uploads\/Muehlingen-Flyer-2-213x300.jpg 213w, https:\/\/muehlingen.de\/wordpress_01\/wp-content\/uploads\/Muehlingen-Flyer-2-400x564.jpg 400w, https:\/\/muehlingen.de\/wordpress_01\/wp-content\/uploads\/Muehlingen-Flyer-2-600x846.jpg 600w, https:\/\/muehlingen.de\/wordpress_01\/wp-content\/uploads\/Muehlingen-Flyer-2-726x1024.jpg 726w, https:\/\/muehlingen.de\/wordpress_01\/wp-content\/uploads\/Muehlingen-Flyer-2-768x1083.jpg 768w, https:\/\/muehlingen.de\/wordpress_01\/wp-content\/uploads\/Muehlingen-Flyer-2-800x1128.jpg 800w, https:\/\/muehlingen.de\/wordpress_01\/wp-content\/uploads\/Muehlingen-Flyer-2-1090x1536.jpg 1090w, https:\/\/muehlingen.de\/wordpress_01\/wp-content\/uploads\/Muehlingen-Flyer-2-1200x1692.jpg 1200w, https:\/\/muehlingen.de\/wordpress_01\/wp-content\/uploads\/Muehlingen-Flyer-2.jpg 1240w\" sizes=\"(max-width: 213px) 100vw, 213px\" \/><img decoding=\"async\" class=\"alignnone size-medium wp-image-8048\" src=\"https:\/\/muehlingen.de\/wordpress_01\/wp-content\/uploads\/Muehlingen-Flyer-1-213x300.jpg\" alt=\"\" width=\"213\" height=\"300\" srcset=\"https:\/\/muehlingen.de\/wordpress_01\/wp-content\/uploads\/Muehlingen-Flyer-1-200x282.jpg 200w, https:\/\/muehlingen.de\/wordpress_01\/wp-content\/uploads\/Muehlingen-Flyer-1-213x300.jpg 213w, https:\/\/muehlingen.de\/wordpress_01\/wp-content\/uploads\/Muehlingen-Flyer-1-400x564.jpg 400w, https:\/\/muehlingen.de\/wordpress_01\/wp-content\/uploads\/Muehlingen-Flyer-1-600x846.jpg 600w, https:\/\/muehlingen.de\/wordpress_01\/wp-content\/uploads\/Muehlingen-Flyer-1-726x1024.jpg 726w, https:\/\/muehlingen.de\/wordpress_01\/wp-content\/uploads\/Muehlingen-Flyer-1-768x1083.jpg 768w, https:\/\/muehlingen.de\/wordpress_01\/wp-content\/uploads\/Muehlingen-Flyer-1-800x1128.jpg 800w, https:\/\/muehlingen.de\/wordpress_01\/wp-content\/uploads\/Muehlingen-Flyer-1-1090x1536.jpg 1090w, https:\/\/muehlingen.de\/wordpress_01\/wp-content\/uploads\/Muehlingen-Flyer-1-1200x1692.jpg 1200w, https:\/\/muehlingen.de\/wordpress_01\/wp-content\/uploads\/Muehlingen-Flyer-1.jpg 1240w\" sizes=\"(max-width: 213px) 100vw, 213px\" \/><\/span><\/p>\n<hr \/>\n<h4><span style=\"color: #ffffff;\"><strong>2<\/strong><strong>4. Mai 2025 <\/strong><\/span><\/h4>\n<h4><span style=\"color: #ffffff;\"><strong>Jubil\u00e4ums-Doppe<\/strong><strong>l<\/strong><strong>konzert von den beiden Musikvereinen M\u00fchlingen und Zoznegg, sow<\/strong><strong>ie die JUMU M\u00fchlingen Zoznegg<\/strong><\/span><\/h4>\n<p><span style=\"color: #ffffff;\">Einlass: ab 18.30 Uhr mit Sektempfang<\/span><\/p>\n<p><span style=\"color: #ffffff;\">Start: ab 19.30 Uhr &#8211; f\u00fcr das leibliche Wohl ist gesorgt<\/span><\/p>\n<p><span style=\"color: #ffffff;\">Link zum Flyer : <a style=\"color: #ffffff;\" href=\"https:\/\/muehlingen.de\/wordpress_01\/wp-content\/uploads\/FlyerDoppelkonzert-24.05.2025.pdf\">FlyerDoppelkonzert 24.05.2025<\/a><\/span><\/p>\n<p><span style=\"color: #ffffff;\"><img decoding=\"async\" class=\"alignnone size-medium wp-image-7982\" src=\"https:\/\/muehlingen.de\/wordpress_01\/wp-content\/uploads\/FlyerDoppelkonzert-24.05.2025-212x300.jpg\" alt=\"\" width=\"212\" height=\"300\" srcset=\"https:\/\/muehlingen.de\/wordpress_01\/wp-content\/uploads\/FlyerDoppelkonzert-24.05.2025-200x283.jpg 200w, https:\/\/muehlingen.de\/wordpress_01\/wp-content\/uploads\/FlyerDoppelkonzert-24.05.2025-212x300.jpg 212w, https:\/\/muehlingen.de\/wordpress_01\/wp-content\/uploads\/FlyerDoppelkonzert-24.05.2025-400x566.jpg 400w, https:\/\/muehlingen.de\/wordpress_01\/wp-content\/uploads\/FlyerDoppelkonzert-24.05.2025-600x849.jpg 600w, https:\/\/muehlingen.de\/wordpress_01\/wp-content\/uploads\/FlyerDoppelkonzert-24.05.2025-724x1024.jpg 724w, https:\/\/muehlingen.de\/wordpress_01\/wp-content\/uploads\/FlyerDoppelkonzert-24.05.2025-768x1086.jpg 768w, https:\/\/muehlingen.de\/wordpress_01\/wp-content\/uploads\/FlyerDoppelkonzert-24.05.2025-800x1132.jpg 800w, https:\/\/muehlingen.de\/wordpress_01\/wp-content\/uploads\/FlyerDoppelkonzert-24.05.2025-1086x1536.jpg 1086w, https:\/\/muehlingen.de\/wordpress_01\/wp-content\/uploads\/FlyerDoppelkonzert-24.05.2025.jpg 1131w\" sizes=\"(max-width: 212px) 100vw, 212px\" \/><\/span><\/p>\n<hr \/>\n<\/div><\/div><\/div><\/div><\/div>\n","protected":false},"excerpt":{"rendered":"","protected":false},"author":1,"featured_media":7987,"comment_status":"closed","ping_status":"closed","sticky":false,"template":"","format":"standard","meta":{"footnotes":""},"categories":[341],"tags":[],"class_list":["post-7981","post","type-post","status-publish","format-standard","has-post-thumbnail","hentry","category-interessantes"],"publishpress_future_action":{"enabled":false,"date":"2026-05-08 00:50:02","action":"change-status","newStatus":"draft","terms":[],"taxonomy":"category","extraData":[]},"publishpress_future_workflow_manual_trigger":{"enabledWorkflows":[]},"_links":{"self":[{"href":"https:\/\/muehlingen.de\/index.php?rest_route=\/wp\/v2\/posts\/7981","targetHints":{"allow":["GET"]}}],"collection":[{"href":"https:\/\/muehlingen.de\/index.php?rest_route=\/wp\/v2\/posts"}],"about":[{"href":"https:\/\/muehlingen.de\/index.php?rest_route=\/wp\/v2\/types\/post"}],"author":[{"embeddable":true,"href":"https:\/\/muehlingen.de\/index.php?rest_route=\/wp\/v2\/users\/1"}],"replies":[{"embeddable":true,"href":"https:\/\/muehlingen.de\/index.php?rest_route=%2Fwp%2Fv2%2Fcomments&post=7981"}],"version-history":[{"count":35,"href":"https:\/\/muehlingen.de\/index.php?rest_route=\/wp\/v2\/posts\/7981\/revisions"}],"predecessor-version":[{"id":8457,"href":"https:\/\/muehlingen.de\/index.php?rest_route=\/wp\/v2\/posts\/7981\/revisions\/8457"}],"wp:featuredmedia":[{"embeddable":true,"href":"https:\/\/muehlingen.de\/index.php?rest_route=\/wp\/v2\/media\/7987"}],"wp:attachment":[{"href":"https:\/\/muehlingen.de\/index.php?rest_route=%2Fwp%2Fv2%2Fmedia&parent=7981"}],"wp:term":[{"taxonomy":"category","embeddable":true,"href":"https:\/\/muehlingen.de\/index.php?rest_route=%2Fwp%2Fv2%2Fcategories&post=7981"},{"taxonomy":"post_tag","embeddable":true,"href":"https:\/\/muehlingen.de\/index.php?rest_route=%2Fwp%2Fv2%2Ftags&post=7981"}],"curies":[{"name":"wp","href":"https:\/\/api.w.org\/{rel}","templated":true}]}}