{"id":8165,"date":"2025-08-08T06:00:35","date_gmt":"2025-08-08T04:00:35","guid":{"rendered":"https:\/\/muehlingen.de\/?p=8165"},"modified":"2025-10-09T12:25:00","modified_gmt":"2025-10-09T10:25:00","slug":"oeffentliche-bekanntmachung-satzung-ueber-die-3-aenderung-des-bebauungsplanes-auf-der-hoehe-in-mainwangen","status":"publish","type":"post","link":"https:\/\/muehlingen.de\/?p=8165","title":{"rendered":"\u00d6ffentliche Bekanntmachung &#8211; Satzung \u00fcber die 3. \u00c4nderung des Bebauungsplanes \u201eAuf der H\u00f6he\u201c in Mainwangen"},"content":{"rendered":"<div class=\"fusion-fullwidth fullwidth-box fusion-builder-row-1 nonhundred-percent-fullwidth non-hundred-percent-height-scrolling\" style=\"--link_color: #0251d1;--awb-border-radius-top-left:0px;--awb-border-radius-top-right:0px;--awb-border-radius-bottom-right:0px;--awb-border-radius-bottom-left:0px;--awb-background-color:#919191;--awb-flex-wrap:wrap;\" ><div class=\"fusion-builder-row fusion-row\"><div class=\"fusion-layout-column fusion_builder_column fusion-builder-column-0 fusion_builder_column_1_1 1_1 fusion-one-full fusion-column-first fusion-column-last\" style=\"--awb-bg-size:cover;--awb-border-color:#ffffff;--awb-border-style:solid;--awb-margin-bottom:0px;\"><div class=\"fusion-column-wrapper fusion-column-has-shadow fusion-flex-column-wrapper-legacy\"><div class=\"fusion-text fusion-text-1\" style=\"--awb-content-alignment:left;\"><h3 class=\"fusion-responsive-typography-calculated\" style=\"--fontsize: 20; line-height: 1.5; --minfontsize: 20;\" data-fontsize=\"20\" data-lineheight=\"30px\"><span style=\"color: #ffffff;\"><strong>Gemeinde M\u00fchlingen<\/strong><\/span><br \/>\n<span style=\"color: #ffffff;\"><strong>\u00d6ffentliche Bekanntmachung<\/strong><\/span><\/h3>\n<p style=\"text-align: center;\"><span style=\"color: #ffffff;\"><strong>Satzung \u00fcber die 3. \u00c4nderung des Bebauungsplanes \u201eAuf der H\u00f6he\u201c in Mainwangen im vereinfachten Verfahren nach \u00a7 13 BauGB <\/strong><\/span><\/p>\n<p style=\"text-align: center;\"><span style=\"color: #ffffff;\">Aufgrund von \u00a7 10 des Baugesetzbuches (BauGB) i.V.m. \u00a7 4 der Gemeindeordnung (GemO) hat der Gemeinderat der Gemeinde M\u00fchlingen in \u00f6ffentlicher Sitzung am 03.06.2025 die \u00c4nderung des Bebauungsplanes \u201eAuf der H\u00f6he\u201c im vereinfachten Verfahren nach 13 BauGB als Satzung beschlossen.<\/span><\/p>\n<p style=\"text-align: center;\"><span style=\"color: #ffffff;\"><strong>Der Planbereich ergibt sich aus dem folgenden Kartenausschnitt:<\/strong><\/span><\/p>\n<p><span style=\"color: #ffffff;\"><img decoding=\"async\" class=\"wp-image-8166 size-full aligncenter\" src=\"https:\/\/muehlingen.de\/wordpress_01\/wp-content\/uploads\/Satzung-Auf-der-Hoehe.jpg\" alt=\"\" width=\"836\" height=\"625\" srcset=\"https:\/\/muehlingen.de\/wordpress_01\/wp-content\/uploads\/Satzung-Auf-der-Hoehe-200x150.jpg 200w, https:\/\/muehlingen.de\/wordpress_01\/wp-content\/uploads\/Satzung-Auf-der-Hoehe-300x224.jpg 300w, https:\/\/muehlingen.de\/wordpress_01\/wp-content\/uploads\/Satzung-Auf-der-Hoehe-400x299.jpg 400w, https:\/\/muehlingen.de\/wordpress_01\/wp-content\/uploads\/Satzung-Auf-der-Hoehe-600x449.jpg 600w, https:\/\/muehlingen.de\/wordpress_01\/wp-content\/uploads\/Satzung-Auf-der-Hoehe-768x574.jpg 768w, https:\/\/muehlingen.de\/wordpress_01\/wp-content\/uploads\/Satzung-Auf-der-Hoehe-800x598.jpg 800w, https:\/\/muehlingen.de\/wordpress_01\/wp-content\/uploads\/Satzung-Auf-der-Hoehe.jpg 836w\" sizes=\"(max-width: 836px) 100vw, 836px\" \/><\/span><\/p>\n<p style=\"text-align: center;\"><span style=\"color: #ffffff;\"><strong>\u00a71<\/strong><\/span><\/p>\n<p style=\"text-align: center;\"><span style=\"color: #ffffff;\"><strong>R\u00e4umlicher Geltungsbereich<\/strong><\/span><\/p>\n<p style=\"text-align: center;\"><span style=\"color: #ffffff;\">Der r\u00e4umliche Geltungsbereich umfasst das Flst.-Nr. 972\/3 des am 22. Februar 2011 als Satzung beschlossenen Bebauungsplanes \u201eAuf der H\u00f6he\u201c<\/span><\/p>\n<p style=\"text-align: center;\"><span style=\"color: #ffffff;\"><strong>\u00a72<\/strong><\/span><\/p>\n<p style=\"text-align: center;\"><span style=\"color: #ffffff;\"><strong>Inhalt der Bebauungsplan\u00e4nderung<\/strong><\/span><\/p>\n<p style=\"text-align: center;\"><span style=\"color: #ffffff;\">Die Planungsrechtlichen Festsetzungen werden wie folgt ge\u00e4ndert:<\/span><\/p>\n<p style=\"text-align: center;\"><span style=\"color: #ffffff;\"><strong>Anzahl der Vollgeschosse <\/strong><\/span><\/p>\n<p style=\"text-align: center;\"><span style=\"color: #ffffff;\">Wird ge\u00e4ndert von II auf II+TG<\/span><\/p>\n<p style=\"text-align: center;\"><span style=\"color: #ffffff;\"><strong>Gescho\u00dffl\u00e4chenzahl <\/strong><\/span><\/p>\n<p style=\"text-align: center;\"><span style=\"color: #ffffff;\">Wird ge\u00e4ndert von 0,5 auf 0,8<\/span><\/p>\n<p style=\"text-align: center;\"><span style=\"color: #ffffff;\"><strong> \u00a7 <\/strong><strong>3<\/strong><\/span><\/p>\n<p style=\"text-align: center;\"><span style=\"color: #ffffff;\"><strong>Inkrafttreten<\/strong><\/span><\/p>\n<p style=\"text-align: center;\"><span style=\"color: #ffffff;\">Diese Satzung tritt mit ihrer \u00f6ffentlichen Bekanntmachung in Kraft.<\/span><\/p>\n<p><span style=\"color: #ffffff;\">Die \u00c4nderung des Bebauungsplans 3. \u00c4nderung des Bebauungsplanes \u201eAuf der H\u00f6he\u201c in Mainwangen tritt mit dieser Bekanntmachung in Kraft (vgl. \u00a7 10 Abs. 3 BauGB).<\/span><\/p>\n<p><span style=\"color: #ffffff;\">Die \u00c4nderung des Bebauungsplans kann einschlie\u00dflich ihrer Begr\u00fcndung im Rathaus M\u00fchlingen, Im G\u00f6hren 2, 78357 M\u00fchlingen w\u00e4hrend der \u00fcblichen Dienststunden eingesehen werden. Jedermann kann die Plan\u00e4nderung und ihre Begr\u00fcndung einsehen und Auskunft \u00fcber ihren Inhalt verlangen.<\/span><\/p>\n<p><span style=\"color: #ffffff;\">Auf die Vorschriften des \u00a7 44 Abs. 3 Satz 1 und 2 BauGB \u00fcber die F\u00e4lligkeit etwaiger Entsch\u00e4digungsanspr\u00fcche im Falle der in den \u00a7\u00a7 39\u201342 BauGB bezeichneten Verm\u00f6gensnachteile, deren Leistung schriftlich beim Entsch\u00e4digungspflichtigen zu beantragen ist, und des \u00a7 44 Abs. 4 BauGB \u00fcber das Erl\u00f6schen von Entsch\u00e4digungsanspr\u00fcchen wird hingewiesen.<\/span><\/p>\n<p><span style=\"color: #ffffff;\">Es wird darauf hingewiesen, dass eine Verletzung der im \u00a7 214 Abs. 1 Satz 1 Nr. 1\u20133 des BauGB bezeichneten Verfahrens- und Formvorschriften, eine unter Ber\u00fccksichtigung des \u00a7 214 Abs. 2 BauGB beachtliche Verletzung der Vorschriften \u00fcber das Verh\u00e4ltnis des Bebauungsplans und des Fl\u00e4chennutzungsplans oder aber ein nach \u00a7 214 Abs. 3 Satz 2 BauGB beachtlicher Mangel des Abw\u00e4gungsvorgangs nur beachtlich werden, wenn sie innerhalb eines Jahres seit dieser Bekanntmachung schriftlich gegen\u00fcber der Gemeinde geltend gemacht worden sind. Der Sachverhalt, der die Verletzung von Rechtsvorschriften oder den Mangel des Abw\u00e4gungsvorgangs begr\u00fcnden soll, ist darzulegen.<\/span><\/p>\n<p><span style=\"color: #ffffff;\">M\u00fchlingen, den 04.06.2025<\/span><\/p>\n<p><span style=\"color: #ffffff;\">gez.<\/span><br \/>\n<span style=\"color: #ffffff;\">Thorsten Scigliano,<\/span><br \/>\n<span style=\"color: #ffffff;\">B\u00fcrgermeister<\/span><\/p>\n<p><span style=\"color: #ffffff;\">\u00a0<\/span><\/p>\n<p><span style=\"color: #ffffff;\"><strong>Hier auch als PDF:<\/strong><\/span><br \/>\n<strong><a href=\"https:\/\/muehlingen.de\/wordpress_01\/wp-content\/uploads\/Aufstellungsbekanntmachung-Flst-243-6-Zoznegg.pdf\"><span style=\"color: #ffffff;\">Aufstellungsbekanntmachung Flst 243-6 Zoznegg<\/span> <span style=\"color: #ff0000;\">(klick)<\/span><\/a><\/strong><br \/>\n<strong><a href=\"https:\/\/muehlingen.de\/wordpress_01\/wp-content\/uploads\/bb-lp-A3-Ausschnitt.pdf\"><span style=\"color: #ffffff;\">Zeichnerischer Teil<\/span> <span style=\"color: #ff0000;\">(klick)<\/span><\/a><\/strong><br \/>\n<strong><a href=\"https:\/\/muehlingen.de\/wordpress_01\/wp-content\/uploads\/Auf-der-Hoehe-3.-Aenderung-Begruendung.pdf\"><span style=\"color: #ffffff;\">Begr\u00fcndung<\/span> <span style=\"color: #ff0000;\">(klick)<\/span><\/a><\/strong><\/p>\n<\/div><div class=\"fusion-clearfix\"><\/div><\/div><\/div><\/div><\/div>\n","protected":false},"excerpt":{"rendered":"","protected":false},"author":1,"featured_media":7256,"comment_status":"closed","ping_status":"closed","sticky":false,"template":"","format":"standard","meta":{"footnotes":""},"categories":[465],"tags":[],"class_list":["post-8165","post","type-post","status-publish","format-standard","has-post-thumbnail","hentry","category-oeffentliche-bekanntmachungen"],"publishpress_future_action":{"enabled":false,"date":"2026-05-08 08:21:23","action":"change-status","newStatus":"draft","terms":[],"taxonomy":"category","extraData":[]},"publishpress_future_workflow_manual_trigger":{"enabledWorkflows":[]},"_links":{"self":[{"href":"https:\/\/muehlingen.de\/index.php?rest_route=\/wp\/v2\/posts\/8165","targetHints":{"allow":["GET"]}}],"collection":[{"href":"https:\/\/muehlingen.de\/index.php?rest_route=\/wp\/v2\/posts"}],"about":[{"href":"https:\/\/muehlingen.de\/index.php?rest_route=\/wp\/v2\/types\/post"}],"author":[{"embeddable":true,"href":"https:\/\/muehlingen.de\/index.php?rest_route=\/wp\/v2\/users\/1"}],"replies":[{"embeddable":true,"href":"https:\/\/muehlingen.de\/index.php?rest_route=%2Fwp%2Fv2%2Fcomments&post=8165"}],"version-history":[{"count":9,"href":"https:\/\/muehlingen.de\/index.php?rest_route=\/wp\/v2\/posts\/8165\/revisions"}],"predecessor-version":[{"id":8223,"href":"https:\/\/muehlingen.de\/index.php?rest_route=\/wp\/v2\/posts\/8165\/revisions\/8223"}],"wp:featuredmedia":[{"embeddable":true,"href":"https:\/\/muehlingen.de\/index.php?rest_route=\/wp\/v2\/media\/7256"}],"wp:attachment":[{"href":"https:\/\/muehlingen.de\/index.php?rest_route=%2Fwp%2Fv2%2Fmedia&parent=8165"}],"wp:term":[{"taxonomy":"category","embeddable":true,"href":"https:\/\/muehlingen.de\/index.php?rest_route=%2Fwp%2Fv2%2Fcategories&post=8165"},{"taxonomy":"post_tag","embeddable":true,"href":"https:\/\/muehlingen.de\/index.php?rest_route=%2Fwp%2Fv2%2Ftags&post=8165"}],"curies":[{"name":"wp","href":"https:\/\/api.w.org\/{rel}","templated":true}]}}