{"id":8180,"date":"2025-08-08T06:02:46","date_gmt":"2025-08-08T04:02:46","guid":{"rendered":"https:\/\/muehlingen.de\/?p=8180"},"modified":"2025-10-09T12:23:36","modified_gmt":"2025-10-09T10:23:36","slug":"oeffentliche-bekanntmachung-aenderungssatzung-der-satzung-zur-festlegung-der-grenzen-und-zur-abrundung-des-im-zusammenhang-bebauten-ortsteils-gallmannsweil-flst-87","status":"publish","type":"post","link":"https:\/\/muehlingen.de\/?p=8180","title":{"rendered":"\u00d6ffentliche Bekanntmachung &#8211; \u00c4nderungssatzung der Satzung zur Festlegung der Grenzen und zur Abrundung des im Zusammenhang bebauten Ortsteils Gallmannsweil, Flst. 87"},"content":{"rendered":"<div class=\"fusion-fullwidth fullwidth-box fusion-builder-row-1 nonhundred-percent-fullwidth non-hundred-percent-height-scrolling\" style=\"--link_color: #0251d1;--awb-border-radius-top-left:0px;--awb-border-radius-top-right:0px;--awb-border-radius-bottom-right:0px;--awb-border-radius-bottom-left:0px;--awb-background-color:#9e9e9e;--awb-flex-wrap:wrap;\" ><div class=\"fusion-builder-row fusion-row\"><div class=\"fusion-layout-column fusion_builder_column fusion-builder-column-0 fusion_builder_column_1_1 1_1 fusion-one-full fusion-column-first fusion-column-last\" style=\"--awb-bg-size:cover;--awb-border-color:#ffffff;--awb-border-style:solid;--awb-margin-bottom:0px;\"><div class=\"fusion-column-wrapper fusion-column-has-shadow fusion-flex-column-wrapper-legacy\"><div class=\"fusion-text fusion-text-1\" style=\"--awb-content-alignment:left;\"><h3 class=\"fusion-responsive-typography-calculated\" style=\"--fontsize: 20; line-height: 1.5; --minfontsize: 20;\" data-fontsize=\"20\" data-lineheight=\"30px\"><span style=\"color: #ffffff;\"><strong>Gemeinde M\u00fchlingen<\/strong><\/span><br \/>\n<span style=\"color: #ffffff;\"><strong>\u00d6ffentliche Bekanntmachung<\/strong><\/span><\/h3>\n<p style=\"text-align: center;\"><span style=\"color: #ffffff;\"><strong>\u00c4nderungssatzung der Satzung zur Festlegung der Grenzen und zur Abrundung des im Zusammenhang bebauten Ortsteils Gallmannsweil, Flst. 87 Gemarkung Gallmannsweil (Erg\u00e4nzungssatzung) vom 07. Juli 2017 im vereinfachten Verfahren nach \u00a7 13 BauGB<\/strong><\/span><\/p>\n<p style=\"text-align: center;\"><span style=\"color: #ffffff;\">Aufgrund von \u00a7 10 des Baugesetzbuches (BauGB) i.V.m. \u00a7 4 der Gemeindeordnung (GemO) hat der Gemeinderat der Gemeinde M\u00fchlingen in \u00f6ffentlicher Sitzung am 22.07.2025<\/span><\/p>\n<p style=\"text-align: center;\"><span style=\"color: #ffffff;\">die \u00c4nderung Satzung zur Festlegung der Grenzen und zur Abrundung des im Zusammenhang bebauten Ortsteils Gallmannsweil, Flst. 87 (Erg\u00e4nzungssatzung) vom 07. Juli 2017 im vereinfachten Verfahren nach \u00a7 13 BauGB als Satzung beschlossen.<\/span><\/p>\n<p style=\"text-align: center;\"><span style=\"color: #ffffff;\"><strong>Der Planbereich ergibt sich aus dem folgenden Kartenausschnitt:<\/strong><\/span><\/p>\n<p><span style=\"color: #ffffff;\"><img decoding=\"async\" class=\"alignnone wp-image-8181 size-full aligncenter\" src=\"https:\/\/muehlingen.de\/wordpress_01\/wp-content\/uploads\/Plan-Gallmannsweil.jpg\" alt=\"\" width=\"837\" height=\"598\" srcset=\"https:\/\/muehlingen.de\/wordpress_01\/wp-content\/uploads\/Plan-Gallmannsweil-200x143.jpg 200w, https:\/\/muehlingen.de\/wordpress_01\/wp-content\/uploads\/Plan-Gallmannsweil-300x214.jpg 300w, https:\/\/muehlingen.de\/wordpress_01\/wp-content\/uploads\/Plan-Gallmannsweil-400x286.jpg 400w, https:\/\/muehlingen.de\/wordpress_01\/wp-content\/uploads\/Plan-Gallmannsweil-600x429.jpg 600w, https:\/\/muehlingen.de\/wordpress_01\/wp-content\/uploads\/Plan-Gallmannsweil-768x549.jpg 768w, https:\/\/muehlingen.de\/wordpress_01\/wp-content\/uploads\/Plan-Gallmannsweil-800x572.jpg 800w, https:\/\/muehlingen.de\/wordpress_01\/wp-content\/uploads\/Plan-Gallmannsweil.jpg 837w\" sizes=\"(max-width: 837px) 100vw, 837px\" \/><\/span><\/p>\n<p style=\"text-align: center;\"><span style=\"color: #ffffff;\"><strong>\u00a7 1<\/strong><\/span><\/p>\n<p style=\"text-align: center;\"><span style=\"color: #ffffff;\"><strong>R\u00e4umlicher Geltungsbereich<\/strong><\/span><\/p>\n<p style=\"text-align: center;\"><span style=\"color: #ffffff;\">Der r\u00e4umliche Geltungsbereich umfasst das Flst.-Nr. 87 und ergibt sich aus dem zeichnerischen Teil der Satzung.<\/span><\/p>\n<p style=\"text-align: center;\"><span style=\"color: #ffffff;\"><strong>\u00a7 2<\/strong><\/span><\/p>\n<p style=\"text-align: center;\"><span style=\"color: #ffffff;\"><strong>Inhalt der Satzungs\u00e4nderung<\/strong><\/span><\/p>\n<p style=\"text-align: center;\"><span style=\"color: #ffffff;\">Der Inhalt der \u00c4nderung ergibt sich aus dem zeichnerischen und textlichen Teil in der Fassung vom 08.04.2025.<\/span><\/p>\n<p style=\"text-align: center;\"><span style=\"color: #ffffff;\">Die planungsrechtlichen Festsetzungen werden wie folgt ge\u00e4ndert:<\/span><\/p>\n<p style=\"text-align: center;\"><span style=\"color: #ffffff;\">In \u00a7 3 (R\u00e4umlicher Geltungsbereich) wird der der neue Lageplan vom 01.02.2025 zum Bestandteil der Satzung erkl\u00e4rt.<\/span><\/p>\n<p style=\"text-align: center;\"><span style=\"color: #ffffff;\">In \u00a7 4 (Naturschutzrechtliche Eingriffs-Ausgleichs-Regelung) wird die Ausf\u00fchrung der Ausgleichsma\u00dfnahmen entsprechend dem neu g\u00fcltigen Lageplan bis zum Herbst 2025 gefordert.<\/span><\/p>\n<p style=\"text-align: center;\"><span style=\"color: #ffffff;\"><strong>\u00a7 3<\/strong><\/span><\/p>\n<p style=\"text-align: center;\"><span style=\"color: #ffffff;\"><strong>Inkrafttreten<\/strong><\/span><\/p>\n<p style=\"text-align: center;\"><span style=\"color: #ffffff;\">Die Satzung tritt mit dieser \u00f6ffentlichen Bekanntmachung in Kraft.<\/span><\/p>\n<p><span style=\"color: #ffffff;\">Die \u00c4nderungssatzung kann einschlie\u00dflich ihrer Begr\u00fcndung im Rathaus M\u00fchlingen, Im G\u00f6hren 2, 78357 M\u00fchlingen w\u00e4hrend der \u00fcblichen Dienststunden eingesehen werden. Jedermann kann die Satzungs\u00e4nderung und ihre Begr\u00fcndung einsehen und Auskunft \u00fcber ihren Inhalt verlangen.<\/span><\/p>\n<p><span style=\"color: #ffffff;\">Auf die Vorschriften des \u00a7 44 Abs. 3 Satz 1 und 2 BauGB \u00fcber die F\u00e4lligkeit etwaiger Entsch\u00e4digungsanspr\u00fcche im Falle der in den \u00a7\u00a7 39\u201342 BauGB bezeichneten Verm\u00f6gensnachteile, deren Leistung schriftlich beim Entsch\u00e4digungspflichtigen zu beantragen ist, und des \u00a7 44 Abs. 4 BauGB \u00fcber das Erl\u00f6schen von Entsch\u00e4digungsanspr\u00fcchen wird hingewiesen.<\/span><\/p>\n<p><span style=\"color: #ffffff;\">Es wird darauf hingewiesen, dass eine Verletzung der im \u00a7 214 Abs. 1 Satz 1 Nr. 1\u20133 des BauGB bezeichneten Verfahrens- und Formvorschriften, eine unter Ber\u00fccksichtigung des \u00a7 214 Abs. 2 BauGB beachtliche Verletzung der Vorschriften \u00fcber das Verh\u00e4ltnis des Bebauungsplans und des Fl\u00e4chennutzungsplans oder aber ein nach \u00a7 214 Abs. 3 Satz 2 BauGB beachtlicher Mangel des Abw\u00e4gungsvorgangs nur beachtlich werden, wenn sie innerhalb eines Jahres seit dieser Bekanntmachung schriftlich gegen\u00fcber der Gemeinde geltend gemacht worden sind. Der Sachverhalt, der die Verletzung von Rechtsvorschriften oder den Mangel des Abw\u00e4gungsvorgangs begr\u00fcnden soll, ist darzulegen.<\/span><\/p>\n<p><span style=\"color: #ffffff;\">M\u00fchlingen, den 23.07.2025<\/span><\/p>\n<p><span style=\"color: #fcfcfc;\">gez.<\/span><br \/>\n<span style=\"color: #fcfcfc;\"><br \/>\nThorsten Scigliano<\/span><br \/>\n<span style=\"color: #fcfcfc;\"><br \/>\nB\u00fcrgermeister<\/span><\/p>\n<p>&nbsp;<\/p>\n<p><span style=\"color: #ffffff;\"><strong>Hier auch als PDF:<\/strong><\/span><br \/>\n<span style=\"color: #ffffff;\"><strong><a style=\"color: #ffffff;\" href=\"https:\/\/muehlingen.de\/wordpress_01\/wp-content\/uploads\/Bekanntmachung-der-Ergaenzungssatzung-Flst-87-Gallmannsweil.pdf\">Bekanntmachung der Erg\u00e4nzungssatzung Flst 87 Gallmannsweil <span style=\"color: #ff0000;\">(klick)<\/span><\/a><\/strong><\/span><\/p>\n<\/div><div class=\"fusion-clearfix\"><\/div><\/div><\/div><\/div><\/div>\n","protected":false},"excerpt":{"rendered":"","protected":false},"author":1,"featured_media":8181,"comment_status":"closed","ping_status":"closed","sticky":false,"template":"","format":"standard","meta":{"footnotes":""},"categories":[465],"tags":[],"class_list":["post-8180","post","type-post","status-publish","format-standard","has-post-thumbnail","hentry","category-oeffentliche-bekanntmachungen"],"publishpress_future_action":{"enabled":false,"date":"2026-05-08 09:40:20","action":"change-status","newStatus":"draft","terms":[],"taxonomy":"category","extraData":[]},"publishpress_future_workflow_manual_trigger":{"enabledWorkflows":[]},"_links":{"self":[{"href":"https:\/\/muehlingen.de\/index.php?rest_route=\/wp\/v2\/posts\/8180","targetHints":{"allow":["GET"]}}],"collection":[{"href":"https:\/\/muehlingen.de\/index.php?rest_route=\/wp\/v2\/posts"}],"about":[{"href":"https:\/\/muehlingen.de\/index.php?rest_route=\/wp\/v2\/types\/post"}],"author":[{"embeddable":true,"href":"https:\/\/muehlingen.de\/index.php?rest_route=\/wp\/v2\/users\/1"}],"replies":[{"embeddable":true,"href":"https:\/\/muehlingen.de\/index.php?rest_route=%2Fwp%2Fv2%2Fcomments&post=8180"}],"version-history":[{"count":13,"href":"https:\/\/muehlingen.de\/index.php?rest_route=\/wp\/v2\/posts\/8180\/revisions"}],"predecessor-version":[{"id":8222,"href":"https:\/\/muehlingen.de\/index.php?rest_route=\/wp\/v2\/posts\/8180\/revisions\/8222"}],"wp:featuredmedia":[{"embeddable":true,"href":"https:\/\/muehlingen.de\/index.php?rest_route=\/wp\/v2\/media\/8181"}],"wp:attachment":[{"href":"https:\/\/muehlingen.de\/index.php?rest_route=%2Fwp%2Fv2%2Fmedia&parent=8180"}],"wp:term":[{"taxonomy":"category","embeddable":true,"href":"https:\/\/muehlingen.de\/index.php?rest_route=%2Fwp%2Fv2%2Fcategories&post=8180"},{"taxonomy":"post_tag","embeddable":true,"href":"https:\/\/muehlingen.de\/index.php?rest_route=%2Fwp%2Fv2%2Ftags&post=8180"}],"curies":[{"name":"wp","href":"https:\/\/api.w.org\/{rel}","templated":true}]}}